{"id":105424,"date":"2019-07-18T15:57:30","date_gmt":"2019-07-18T18:57:30","guid":{"rendered":"http:\/\/www.caririemacao.com\/1\/?p=105424"},"modified":"2019-07-18T15:57:30","modified_gmt":"2019-07-18T18:57:30","slug":"policia-civil-prende-mae-e-padrasto-suspeitos-de-torturar-crianca-caririzeira","status":"publish","type":"post","link":"https:\/\/www.caririemacao.com\/1\/2019\/07\/18\/policia-civil-prende-mae-e-padrasto-suspeitos-de-torturar-crianca-caririzeira\/","title":{"rendered":"Pol\u00edcia Civil prende m\u00e3e e padrasto suspeitos de torturar crian\u00e7a caririzeira"},"content":{"rendered":"\n<p>A Pol\u00edcia Civil da Para\u00edba prendeu, na manh\u00e3 desta quinta-feira (18), a m\u00e3e e o padrasto suspeitos de torturarem, espancarem e manterem acorrentado um menino de 7 anos na cidade de Boqueir\u00e3o, no Cariri Paraibano.<\/p>\n\n\n\n<p>Com desnutri\u00e7\u00e3o e ferimentos graves no corpo, a crian\u00e7a foi resgatada e socorrida ao Hospital de Emerg\u00eancia e Trauma Dom Luiz Gonzaga, em Campina Grande, na \u00faltima quinta-feira (12) onde continua internado.<\/p>\n\n\n\n<p>O mandado de pris\u00e3o contra Maria Aparecida Sousa da Silva e Edilson Cosme Albuquerque foi cumprido sob o comando do delegado seccional de Queimadas, Iasley Almeida.<\/p>\n\n\n\n<p>Ainda pela manh\u00e3 o delegado fornecer\u00e1 mais informa\u00e7\u00f5es durante uma entrevista coletiva na sede da 11\u00aa Delegacia Seccional.<\/p>\n","protected":false},"excerpt":{"rendered":"<p>A Pol\u00edcia Civil da Para\u00edba prendeu, na manh\u00e3 desta quinta-feira (18), a m\u00e3e e o padrasto suspeitos de torturarem, espancarem e manterem acorrentado um menino&hellip; <\/p>\n","protected":false},"author":1,"featured_media":105426,"comment_status":"closed","ping_status":"closed","sticky":false,"template":"","format":"standard","meta":{"sfsi_plus_gutenberg_text_before_share":"","sfsi_plus_gutenberg_show_text_before_share":"","sfsi_plus_gutenberg_icon_type":"","sfsi_plus_gutenberg_icon_alignemt":"","sfsi_plus_gutenburg_max_per_row":"","footnotes":""},"categories":[50,12],"tags":[],"class_list":["post-105424","post","type-post","status-publish","format-standard","has-post-thumbnail","hentry","category-destaque","category-policia"],"_links":{"self":[{"href":"https:\/\/www.caririemacao.com\/1\/wp-json\/wp\/v2\/posts\/105424","targetHints":{"allow":["GET"]}}],"collection":[{"href":"https:\/\/www.caririemacao.com\/1\/wp-json\/wp\/v2\/posts"}],"about":[{"href":"https:\/\/www.caririemacao.com\/1\/wp-json\/wp\/v2\/types\/post"}],"author":[{"embeddable":true,"href":"https:\/\/www.caririemacao.com\/1\/wp-json\/wp\/v2\/users\/1"}],"replies":[{"embeddable":true,"href":"https:\/\/www.caririemacao.com\/1\/wp-json\/wp\/v2\/comments?post=105424"}],"version-history":[{"count":1,"href":"https:\/\/www.caririemacao.com\/1\/wp-json\/wp\/v2\/posts\/105424\/revisions"}],"predecessor-version":[{"id":105427,"href":"https:\/\/www.caririemacao.com\/1\/wp-json\/wp\/v2\/posts\/105424\/revisions\/105427"}],"wp:featuredmedia":[{"embeddable":true,"href":"https:\/\/www.caririemacao.com\/1\/wp-json\/wp\/v2\/media\/105426"}],"wp:attachment":[{"href":"https:\/\/www.caririemacao.com\/1\/wp-json\/wp\/v2\/media?parent=105424"}],"wp:term":[{"taxonomy":"category","embeddable":true,"href":"https:\/\/www.caririemacao.com\/1\/wp-json\/wp\/v2\/categories?post=105424"},{"taxonomy":"post_tag","embeddable":true,"href":"https:\/\/www.caririemacao.com\/1\/wp-json\/wp\/v2\/tags?post=105424"}],"curies":[{"name":"wp","href":"https:\/\/api.w.org\/{rel}","templated":true}]}}