{"id":105435,"date":"2019-07-18T16:04:55","date_gmt":"2019-07-18T19:04:55","guid":{"rendered":"http:\/\/www.caririemacao.com\/1\/?p=105435"},"modified":"2019-07-18T16:04:55","modified_gmt":"2019-07-18T19:04:55","slug":"ministerio-da-agricultura-nomeia-novo-superintendente-do-incra-na-paraiba","status":"publish","type":"post","link":"https:\/\/www.caririemacao.com\/1\/2019\/07\/18\/ministerio-da-agricultura-nomeia-novo-superintendente-do-incra-na-paraiba\/","title":{"rendered":"Minist\u00e9rio da Agricultura nomeia novo superintendente do Incra na Para\u00edba"},"content":{"rendered":"\n<p>O Minist\u00e9rio da Agricultura nomeou o novo superintendente regional do Instituto Nacional de Coloniza\u00e7\u00e3o e Reforma Agr\u00e1ria (Incra) na Para\u00edba. Foi nomeado Leonardo Torre\u00e3o Villarim de Medeiros, que \u00e9 ligado ao deputado federal Efraim Filho (DEM).<\/p>\n\n\n\n<p>O novo superintendente do Incra na Para\u00edba assume o lugar de Francisco Rinaldo Maranh\u00e3o de Figueiredo, exonerado nesta quinta-feira, dia 18.<\/p>\n\n\n\n<p>Na mesma oportunidade, tamb\u00e9m houve mudan\u00e7a no Par\u00e1. Na cidade de Santar\u00e9m, no estado do Par\u00e1, foi nomeado Eugenio Gustavo Guerreiro Hamoy.<\/p>\n\n\n\n<p>As mudan\u00e7as est\u00e3o formalizadas no Di\u00e1rio Oficial da Uni\u00e3o (DOU) desta quinta-feira (18).<\/p>\n\n\n\n<p>A Portaria foi assinada pelo ministro de Estado Chefe da Casa Civil da Presid\u00eancia da Rep\u00fablica, Onyx Lorenzoni.<\/p>\n","protected":false},"excerpt":{"rendered":"<p>O Minist\u00e9rio da Agricultura nomeou o novo superintendente regional do Instituto Nacional de Coloniza\u00e7\u00e3o e Reforma Agr\u00e1ria (Incra) na Para\u00edba. Foi nomeado Leonardo Torre\u00e3o Villarim&hellip; <\/p>\n","protected":false},"author":1,"featured_media":105436,"comment_status":"closed","ping_status":"closed","sticky":false,"template":"","format":"standard","meta":{"sfsi_plus_gutenberg_text_before_share":"","sfsi_plus_gutenberg_show_text_before_share":"","sfsi_plus_gutenberg_icon_type":"","sfsi_plus_gutenberg_icon_alignemt":"","sfsi_plus_gutenburg_max_per_row":"","footnotes":""},"categories":[11],"tags":[],"class_list":["post-105435","post","type-post","status-publish","format-standard","has-post-thumbnail","hentry","category-politica"],"_links":{"self":[{"href":"https:\/\/www.caririemacao.com\/1\/wp-json\/wp\/v2\/posts\/105435","targetHints":{"allow":["GET"]}}],"collection":[{"href":"https:\/\/www.caririemacao.com\/1\/wp-json\/wp\/v2\/posts"}],"about":[{"href":"https:\/\/www.caririemacao.com\/1\/wp-json\/wp\/v2\/types\/post"}],"author":[{"embeddable":true,"href":"https:\/\/www.caririemacao.com\/1\/wp-json\/wp\/v2\/users\/1"}],"replies":[{"embeddable":true,"href":"https:\/\/www.caririemacao.com\/1\/wp-json\/wp\/v2\/comments?post=105435"}],"version-history":[{"count":1,"href":"https:\/\/www.caririemacao.com\/1\/wp-json\/wp\/v2\/posts\/105435\/revisions"}],"predecessor-version":[{"id":105437,"href":"https:\/\/www.caririemacao.com\/1\/wp-json\/wp\/v2\/posts\/105435\/revisions\/105437"}],"wp:featuredmedia":[{"embeddable":true,"href":"https:\/\/www.caririemacao.com\/1\/wp-json\/wp\/v2\/media\/105436"}],"wp:attachment":[{"href":"https:\/\/www.caririemacao.com\/1\/wp-json\/wp\/v2\/media?parent=105435"}],"wp:term":[{"taxonomy":"category","embeddable":true,"href":"https:\/\/www.caririemacao.com\/1\/wp-json\/wp\/v2\/categories?post=105435"},{"taxonomy":"post_tag","embeddable":true,"href":"https:\/\/www.caririemacao.com\/1\/wp-json\/wp\/v2\/tags?post=105435"}],"curies":[{"name":"wp","href":"https:\/\/api.w.org\/{rel}","templated":true}]}}