{"id":105454,"date":"2019-07-18T16:20:28","date_gmt":"2019-07-18T19:20:28","guid":{"rendered":"http:\/\/www.caririemacao.com\/1\/?p=105454"},"modified":"2019-07-18T16:20:28","modified_gmt":"2019-07-18T19:20:28","slug":"criminosos-roubam-carro-de-irmao-de-ex-prefeito-de-cidade-do-cariri","status":"publish","type":"post","link":"https:\/\/www.caririemacao.com\/1\/2019\/07\/18\/criminosos-roubam-carro-de-irmao-de-ex-prefeito-de-cidade-do-cariri\/","title":{"rendered":"Criminosos roubam carro de irm\u00e3o de ex-prefeito de cidade do Cariri"},"content":{"rendered":"\n<p>Um homem identificado por Bil de Ademar, irm\u00e3o do ex-prefeito de Alcantil, Z\u00e9 de Ademar, teve seu ve\u00edculo Fiat Vivace, roubado, nesta quinta-feira (18), quando se deslocava da da comunidade de Gravat\u00e1 de Ibiapina, zona rural de Taquaritinga do Norte- PE, com destino ao S\u00edtio Neves, zona rural de Alcantil.<\/p>\n\n\n\n<p>A v\u00edtima registrou um boletim de ocorr\u00eancia na Delegacia de Alcantil.<\/p>\n\n\n\n<p>Mais informa\u00e7\u00f5es em instantes.<\/p>\n\n\n\n<p><strong>Blog do Bruno Lira<\/strong><\/p>\n","protected":false},"excerpt":{"rendered":"<p>Um homem identificado por Bil de Ademar, irm\u00e3o do ex-prefeito de Alcantil, Z\u00e9 de Ademar, teve seu ve\u00edculo Fiat Vivace, roubado, nesta quinta-feira (18), quando&hellip; <\/p>\n","protected":false},"author":1,"featured_media":25307,"comment_status":"closed","ping_status":"closed","sticky":false,"template":"","format":"standard","meta":{"sfsi_plus_gutenberg_text_before_share":"","sfsi_plus_gutenberg_show_text_before_share":"","sfsi_plus_gutenberg_icon_type":"","sfsi_plus_gutenberg_icon_alignemt":"","sfsi_plus_gutenburg_max_per_row":"","footnotes":""},"categories":[12],"tags":[],"class_list":["post-105454","post","type-post","status-publish","format-standard","has-post-thumbnail","hentry","category-policia"],"_links":{"self":[{"href":"https:\/\/www.caririemacao.com\/1\/wp-json\/wp\/v2\/posts\/105454","targetHints":{"allow":["GET"]}}],"collection":[{"href":"https:\/\/www.caririemacao.com\/1\/wp-json\/wp\/v2\/posts"}],"about":[{"href":"https:\/\/www.caririemacao.com\/1\/wp-json\/wp\/v2\/types\/post"}],"author":[{"embeddable":true,"href":"https:\/\/www.caririemacao.com\/1\/wp-json\/wp\/v2\/users\/1"}],"replies":[{"embeddable":true,"href":"https:\/\/www.caririemacao.com\/1\/wp-json\/wp\/v2\/comments?post=105454"}],"version-history":[{"count":1,"href":"https:\/\/www.caririemacao.com\/1\/wp-json\/wp\/v2\/posts\/105454\/revisions"}],"predecessor-version":[{"id":105455,"href":"https:\/\/www.caririemacao.com\/1\/wp-json\/wp\/v2\/posts\/105454\/revisions\/105455"}],"wp:featuredmedia":[{"embeddable":true,"href":"https:\/\/www.caririemacao.com\/1\/wp-json\/wp\/v2\/media\/25307"}],"wp:attachment":[{"href":"https:\/\/www.caririemacao.com\/1\/wp-json\/wp\/v2\/media?parent=105454"}],"wp:term":[{"taxonomy":"category","embeddable":true,"href":"https:\/\/www.caririemacao.com\/1\/wp-json\/wp\/v2\/categories?post=105454"},{"taxonomy":"post_tag","embeddable":true,"href":"https:\/\/www.caririemacao.com\/1\/wp-json\/wp\/v2\/tags?post=105454"}],"curies":[{"name":"wp","href":"https:\/\/api.w.org\/{rel}","templated":true}]}}