{"id":105457,"date":"2019-07-18T16:25:14","date_gmt":"2019-07-18T19:25:14","guid":{"rendered":"http:\/\/www.caririemacao.com\/1\/?p=105457"},"modified":"2019-07-18T16:25:14","modified_gmt":"2019-07-18T19:25:14","slug":"municipios-da-paraiba-recebem-mais-de-r-31-milhoes-do-fpm-nesta-sexta","status":"publish","type":"post","link":"https:\/\/www.caririemacao.com\/1\/2019\/07\/18\/municipios-da-paraiba-recebem-mais-de-r-31-milhoes-do-fpm-nesta-sexta\/","title":{"rendered":"Munic\u00edpios da Para\u00edba recebem mais de R$ 31 milh\u00f5es do FPM nesta sexta"},"content":{"rendered":"\n<figure class=\"wp-block-image\"><img decoding=\"async\" data-src=\"http:\/\/caririligado.com.br\/wp-content\/themes\/cariri-ligado\/timthumb.php?src=http:\/\/caririligado.com.br\/wp-content\/uploads\/2019\/07\/dinheiro_nova.jpg&amp;w=547&amp;h=398&amp;zc=1\" alt=\"Munic\u00edpios da Para\u00edba recebem mais de R$ 31 milh\u00f5es do FPM nesta sexta\" src=\"data:image\/svg+xml;base64,PHN2ZyB3aWR0aD0iMSIgaGVpZ2h0PSIxIiB4bWxucz0iaHR0cDovL3d3dy53My5vcmcvMjAwMC9zdmciPjwvc3ZnPg==\" class=\"lazyload\" \/><\/figure>\n\n\n\n<p>Os 223 munic\u00edpios da Para\u00edba v\u00e3o receber, nesta sexta-feira (19), um total de R$ 31.349.352,11 referentes ao segundo dec\u00eandio do Fundo de Participa\u00e7\u00e3o dos Munic\u00edpios (FPM). Desse total, R$ 6,2 milh\u00f5es s\u00e3o destinados ao Fundo de Manuten\u00e7\u00e3o e Desenvolvimento da Educa\u00e7\u00e3o B\u00e1sica e de Valoriza\u00e7\u00e3o dos Profissionais da Educa\u00e7\u00e3o (Fundeb).<\/p>\n\n\n\n<p>Jo\u00e3o Pessoa \u00e9 a cidade que vai receber a maior fatia do repasse, R$ 3.249.540,79. Nacionalmente, ser\u00e3o distribu\u00eddos R$ 998,7 milh\u00f5es; dados da Secretaria do Tesouro Nacional (STN) mostram que o 2\u00ba dec\u00eandio de julho de 2019, comparado com mesmo dec\u00eandio do ano anterior, apresentou crescimento de 9,14%.<\/p>\n","protected":false},"excerpt":{"rendered":"<p>Os 223 munic\u00edpios da Para\u00edba v\u00e3o receber, nesta sexta-feira (19), um total de R$ 31.349.352,11 referentes ao segundo dec\u00eandio do Fundo de Participa\u00e7\u00e3o dos Munic\u00edpios&hellip; <\/p>\n","protected":false},"author":1,"featured_media":15356,"comment_status":"closed","ping_status":"closed","sticky":false,"template":"","format":"standard","meta":{"sfsi_plus_gutenberg_text_before_share":"","sfsi_plus_gutenberg_show_text_before_share":"","sfsi_plus_gutenberg_icon_type":"","sfsi_plus_gutenberg_icon_alignemt":"","sfsi_plus_gutenburg_max_per_row":"","footnotes":""},"categories":[2],"tags":[],"class_list":["post-105457","post","type-post","status-publish","format-standard","has-post-thumbnail","hentry","category-geral"],"_links":{"self":[{"href":"https:\/\/www.caririemacao.com\/1\/wp-json\/wp\/v2\/posts\/105457","targetHints":{"allow":["GET"]}}],"collection":[{"href":"https:\/\/www.caririemacao.com\/1\/wp-json\/wp\/v2\/posts"}],"about":[{"href":"https:\/\/www.caririemacao.com\/1\/wp-json\/wp\/v2\/types\/post"}],"author":[{"embeddable":true,"href":"https:\/\/www.caririemacao.com\/1\/wp-json\/wp\/v2\/users\/1"}],"replies":[{"embeddable":true,"href":"https:\/\/www.caririemacao.com\/1\/wp-json\/wp\/v2\/comments?post=105457"}],"version-history":[{"count":1,"href":"https:\/\/www.caririemacao.com\/1\/wp-json\/wp\/v2\/posts\/105457\/revisions"}],"predecessor-version":[{"id":105458,"href":"https:\/\/www.caririemacao.com\/1\/wp-json\/wp\/v2\/posts\/105457\/revisions\/105458"}],"wp:featuredmedia":[{"embeddable":true,"href":"https:\/\/www.caririemacao.com\/1\/wp-json\/wp\/v2\/media\/15356"}],"wp:attachment":[{"href":"https:\/\/www.caririemacao.com\/1\/wp-json\/wp\/v2\/media?parent=105457"}],"wp:term":[{"taxonomy":"category","embeddable":true,"href":"https:\/\/www.caririemacao.com\/1\/wp-json\/wp\/v2\/categories?post=105457"},{"taxonomy":"post_tag","embeddable":true,"href":"https:\/\/www.caririemacao.com\/1\/wp-json\/wp\/v2\/tags?post=105457"}],"curies":[{"name":"wp","href":"https:\/\/api.w.org\/{rel}","templated":true}]}}