{"id":105460,"date":"2019-07-18T16:31:08","date_gmt":"2019-07-18T19:31:08","guid":{"rendered":"http:\/\/www.caririemacao.com\/1\/?p=105460"},"modified":"2019-07-18T16:31:08","modified_gmt":"2019-07-18T19:31:08","slug":"amparo-recebeu-visita-da-coordenadora-de-imunizacoes-da-5-gerencia-regional-de-saude","status":"publish","type":"post","link":"https:\/\/www.caririemacao.com\/1\/2019\/07\/18\/amparo-recebeu-visita-da-coordenadora-de-imunizacoes-da-5-gerencia-regional-de-saude\/","title":{"rendered":"Amparo recebeu visita da Coordenadora de Imuniza\u00e7\u00f5es da 5\u00b0 Ger\u00eancia Regional de Sa\u00fade"},"content":{"rendered":"\n<figure class=\"wp-block-image\"><a href=\"https:\/\/1.bp.blogspot.com\/-jSF4NknTSmQ\/XS-1ok8OOJI\/AAAAAAABCWY\/nKP7j6gUYYoRnOSRLd92EhXbsuSIdra8QCLcBGAs\/s1600\/WhatsApp%2BImage%2B2019-07-17%2Bat%2B4.03.23%2BPM.jpeg\"><img decoding=\"async\" data-src=\"https:\/\/1.bp.blogspot.com\/-jSF4NknTSmQ\/XS-1ok8OOJI\/AAAAAAABCWY\/nKP7j6gUYYoRnOSRLd92EhXbsuSIdra8QCLcBGAs\/s640\/WhatsApp%2BImage%2B2019-07-17%2Bat%2B4.03.23%2BPM.jpeg\" alt=\"\" src=\"data:image\/svg+xml;base64,PHN2ZyB3aWR0aD0iMSIgaGVpZ2h0PSIxIiB4bWxucz0iaHR0cDovL3d3dy53My5vcmcvMjAwMC9zdmciPjwvc3ZnPg==\" class=\"lazyload\" \/><\/a><\/figure>\n\n\n\n<p>O munic\u00edpio de Amparo recebeu na manh\u00e3 desta quarta-feira (17), a visita da Coordenadora de Imuniza\u00e7\u00f5es da 5\u00b0 Ger\u00eancia Regional de Sa\u00fade, Jane Salvador. <br>O objetivo da visita foi de abastecer a Sala de Vacinas da Unidade B\u00e1sica de Sa\u00fade S\u00e3o Sebasti\u00e3o. <\/p>\n\n\n\n<p><\/p>\n\n\n\n<figure class=\"wp-block-image\"><a href=\"https:\/\/1.bp.blogspot.com\/-KC4XMD-vmG8\/XS-1x8XyvYI\/AAAAAAABCWc\/pWBfkUCP1Ek0rpvnHdHytJ5mfeFFrmzUwCLcBGAs\/s1600\/WhatsApp%2BImage%2B2019-07-17%2Bat%2B4.03.31%2BPM.jpeg\"><img decoding=\"async\" data-src=\"https:\/\/1.bp.blogspot.com\/-KC4XMD-vmG8\/XS-1x8XyvYI\/AAAAAAABCWc\/pWBfkUCP1Ek0rpvnHdHytJ5mfeFFrmzUwCLcBGAs\/s640\/WhatsApp%2BImage%2B2019-07-17%2Bat%2B4.03.31%2BPM.jpeg\" alt=\"\" src=\"data:image\/svg+xml;base64,PHN2ZyB3aWR0aD0iMSIgaGVpZ2h0PSIxIiB4bWxucz0iaHR0cDovL3d3dy53My5vcmcvMjAwMC9zdmciPjwvc3ZnPg==\" class=\"lazyload\" \/><\/a><\/figure>\n\n\n\n<p>Segundo a secret\u00e1ria de sa\u00fade Ver\u00f4nica Rafael, o munic\u00edpio passa a partir desta data, ser abastecido diretamente pela Secretaria de Estado da Sa\u00fade via quinta ger\u00eancia de sa\u00fade com transporte adequado para conserva\u00e7\u00e3o e melhor qualidade do produto ofertado ao usu\u00e1rio.<br><\/p>\n","protected":false},"excerpt":{"rendered":"<p>O munic\u00edpio de Amparo recebeu na manh\u00e3 desta quarta-feira (17), a visita da Coordenadora de Imuniza\u00e7\u00f5es da 5\u00b0 Ger\u00eancia Regional de Sa\u00fade, Jane Salvador. O&hellip; <\/p>\n","protected":false},"author":1,"featured_media":105461,"comment_status":"closed","ping_status":"closed","sticky":false,"template":"","format":"standard","meta":{"sfsi_plus_gutenberg_text_before_share":"","sfsi_plus_gutenberg_show_text_before_share":"","sfsi_plus_gutenberg_icon_type":"","sfsi_plus_gutenberg_icon_alignemt":"","sfsi_plus_gutenburg_max_per_row":"","footnotes":""},"categories":[6],"tags":[],"class_list":["post-105460","post","type-post","status-publish","format-standard","has-post-thumbnail","hentry","category-cidades"],"_links":{"self":[{"href":"https:\/\/www.caririemacao.com\/1\/wp-json\/wp\/v2\/posts\/105460","targetHints":{"allow":["GET"]}}],"collection":[{"href":"https:\/\/www.caririemacao.com\/1\/wp-json\/wp\/v2\/posts"}],"about":[{"href":"https:\/\/www.caririemacao.com\/1\/wp-json\/wp\/v2\/types\/post"}],"author":[{"embeddable":true,"href":"https:\/\/www.caririemacao.com\/1\/wp-json\/wp\/v2\/users\/1"}],"replies":[{"embeddable":true,"href":"https:\/\/www.caririemacao.com\/1\/wp-json\/wp\/v2\/comments?post=105460"}],"version-history":[{"count":1,"href":"https:\/\/www.caririemacao.com\/1\/wp-json\/wp\/v2\/posts\/105460\/revisions"}],"predecessor-version":[{"id":105462,"href":"https:\/\/www.caririemacao.com\/1\/wp-json\/wp\/v2\/posts\/105460\/revisions\/105462"}],"wp:featuredmedia":[{"embeddable":true,"href":"https:\/\/www.caririemacao.com\/1\/wp-json\/wp\/v2\/media\/105461"}],"wp:attachment":[{"href":"https:\/\/www.caririemacao.com\/1\/wp-json\/wp\/v2\/media?parent=105460"}],"wp:term":[{"taxonomy":"category","embeddable":true,"href":"https:\/\/www.caririemacao.com\/1\/wp-json\/wp\/v2\/categories?post=105460"},{"taxonomy":"post_tag","embeddable":true,"href":"https:\/\/www.caririemacao.com\/1\/wp-json\/wp\/v2\/tags?post=105460"}],"curies":[{"name":"wp","href":"https:\/\/api.w.org\/{rel}","templated":true}]}}