{"id":105465,"date":"2019-07-18T16:33:07","date_gmt":"2019-07-18T19:33:07","guid":{"rendered":"http:\/\/www.caririemacao.com\/1\/?p=105465"},"modified":"2019-07-18T16:33:07","modified_gmt":"2019-07-18T19:33:07","slug":"professor-amparense-foi-selecionado-para-o-gira-mundo-em-israel","status":"publish","type":"post","link":"https:\/\/www.caririemacao.com\/1\/2019\/07\/18\/professor-amparense-foi-selecionado-para-o-gira-mundo-em-israel\/","title":{"rendered":"Professor Amparense foi selecionado para o Gira Mundo em Israel"},"content":{"rendered":"\n<p>O professor Amparense Eraldo Eronides Maciel foi selecionado pra o Gira Mundo em Israel.<\/p>\n\n\n\n<p>O Programa de Interc\u00e2mbio Internacional Gira Mundo \u00e9 um exemplo dos investimentos feitos pelo Governo do Estado na educa\u00e7\u00e3o.<\/p>\n\n\n\n<p>A iniciativa faz parte de uma parceria entre a Funda\u00e7\u00e3o de Apoio \u00e0 Pesquisa (Fapesq) e a Secretaria de Estado da Educa\u00e7\u00e3o da PB.<\/p>\n","protected":false},"excerpt":{"rendered":"<p>O professor Amparense Eraldo Eronides Maciel foi selecionado pra o Gira Mundo em Israel. O Programa de Interc\u00e2mbio Internacional Gira Mundo \u00e9 um exemplo dos&hellip; <\/p>\n","protected":false},"author":1,"featured_media":105466,"comment_status":"closed","ping_status":"closed","sticky":false,"template":"","format":"standard","meta":{"sfsi_plus_gutenberg_text_before_share":"","sfsi_plus_gutenberg_show_text_before_share":"","sfsi_plus_gutenberg_icon_type":"","sfsi_plus_gutenberg_icon_alignemt":"","sfsi_plus_gutenburg_max_per_row":"","footnotes":""},"categories":[6],"tags":[],"class_list":["post-105465","post","type-post","status-publish","format-standard","has-post-thumbnail","hentry","category-cidades"],"_links":{"self":[{"href":"https:\/\/www.caririemacao.com\/1\/wp-json\/wp\/v2\/posts\/105465","targetHints":{"allow":["GET"]}}],"collection":[{"href":"https:\/\/www.caririemacao.com\/1\/wp-json\/wp\/v2\/posts"}],"about":[{"href":"https:\/\/www.caririemacao.com\/1\/wp-json\/wp\/v2\/types\/post"}],"author":[{"embeddable":true,"href":"https:\/\/www.caririemacao.com\/1\/wp-json\/wp\/v2\/users\/1"}],"replies":[{"embeddable":true,"href":"https:\/\/www.caririemacao.com\/1\/wp-json\/wp\/v2\/comments?post=105465"}],"version-history":[{"count":1,"href":"https:\/\/www.caririemacao.com\/1\/wp-json\/wp\/v2\/posts\/105465\/revisions"}],"predecessor-version":[{"id":105467,"href":"https:\/\/www.caririemacao.com\/1\/wp-json\/wp\/v2\/posts\/105465\/revisions\/105467"}],"wp:featuredmedia":[{"embeddable":true,"href":"https:\/\/www.caririemacao.com\/1\/wp-json\/wp\/v2\/media\/105466"}],"wp:attachment":[{"href":"https:\/\/www.caririemacao.com\/1\/wp-json\/wp\/v2\/media?parent=105465"}],"wp:term":[{"taxonomy":"category","embeddable":true,"href":"https:\/\/www.caririemacao.com\/1\/wp-json\/wp\/v2\/categories?post=105465"},{"taxonomy":"post_tag","embeddable":true,"href":"https:\/\/www.caririemacao.com\/1\/wp-json\/wp\/v2\/tags?post=105465"}],"curies":[{"name":"wp","href":"https:\/\/api.w.org\/{rel}","templated":true}]}}