{"id":105471,"date":"2019-07-18T16:35:51","date_gmt":"2019-07-18T19:35:51","guid":{"rendered":"http:\/\/www.caririemacao.com\/1\/?p=105471"},"modified":"2019-07-18T16:35:51","modified_gmt":"2019-07-18T19:35:51","slug":"mais-de-821-milhoes-de-pessoas-no-mundo-passaram-fome-em-2018","status":"publish","type":"post","link":"https:\/\/www.caririemacao.com\/1\/2019\/07\/18\/mais-de-821-milhoes-de-pessoas-no-mundo-passaram-fome-em-2018\/","title":{"rendered":"Mais de 821 milh\u00f5es de pessoas no mundo passaram fome em 2018"},"content":{"rendered":"\n<p>Relat\u00f3rio da Orgniza\u00e7\u00e3o das Na\u00e7\u00f5es Unidas (ONU) revela que uma pessoa a cada 10, na popula\u00e7\u00e3o de todo o planeta, passou fome no ano passado. O n\u00famero totaliza 821,6 milh\u00f5es de pessoas. Se consideradas as pessoas em condi\u00e7\u00e3o \u201cmoderada\u201d de inseguran\u00e7a alimentar, o total chega a 2 bilh\u00f5es ou 26,4% da popula\u00e7\u00e3o mundial.<\/p>\n\n\n\n<p>Conforme o documento<a href=\"http:\/\/www.fao.org\/3\/ca5162en\/ca5162en.pdf]\"><em>&nbsp;Estado da Inseguran\u00e7a Alimentar e Nutricional no Mundo<\/em><\/a>, desde 2015, a taxa de preval\u00eancia de desnutri\u00e7\u00e3o em todo mundo parou de cair e manteve-se em 11%. \u201cA preval\u00eancia da inseguran\u00e7a alimentar moderada ou grave \u00e9 baseada na escala de experi\u00eancia de inseguran\u00e7a alimentar. Esse indicador vai al\u00e9m da fome e fornece uma estimativa do n\u00famero de pessoas sem acesso est\u00e1vel a alimentos nutritivos e suficientes durante todo o ano\u201d, diz o relat\u00f3rio.<\/p>\n\n\n\n<p>O estudo destaca a gravidade da situa\u00e7\u00e3o infantil. \u00c9 o caso dos 20,5 milh\u00f5es de beb\u00eas que nasceram abaixo do peso (um em cada sete nascidos); dos 148,9 milh\u00f5es de crian\u00e7as menores de 5 anos com estatura baixa para a idade (21,9%); e dos 49,5 milh\u00f5es menores de 5 anos com peso baixo em rela\u00e7\u00e3o \u00e0 altura (7,3%).<\/p>\n\n\n\n<h2 class=\"wp-block-heading\">Continentes<\/h2>\n\n\n\n<p>Segundo o relat\u00f3rio, no ano passado, a \u00c1sia (especialmente o sul do continente) teve o maior n\u00famero absoluto de pessoas com fome: 513,9 milh\u00f5es no total. Na \u00c1frica, 256,1 milh\u00f5es de indiv\u00edduos estavam nessa situa\u00e7\u00e3o e na Am\u00e9rica Latina e no Caribe, 42,5 milh\u00f5es.<\/p>\n\n\n\n<p>Em termos proporcionais, a situa\u00e7\u00e3o \u00e9 mais grave no lado oriental da \u00c1frica, onde uma de cada tr\u00eas pessoas (30,8%) est\u00e1 subnutrida. A ONU aponta como causas os conflitos locais, fen\u00f4menos clim\u00e1ticos e a retra\u00e7\u00e3o econ\u00f4mica. &nbsp;<\/p>\n\n\n\n<p>\u201cJuntos, a \u00c1frica e a \u00c1sia t\u00eam a maior parcela de todas as formas de desnutri\u00e7\u00e3o, sendo respons\u00e1veis por mais de nove entre 10 crian\u00e7as com atraso no crescimento e mais de nove entre 10 crian\u00e7as com debilita\u00e7\u00e3o em todo o mundo\u201d, assinala a nota da ONU.<\/p>\n\n\n\n<h2 class=\"wp-block-heading\">Lus\u00f3fonos<\/h2>\n\n\n\n<p>Apesar de identificar fome, a nota da ONU faz destaque positivo entre os pa\u00edses lus\u00f3fonos (falantes da l\u00edngua portuguesa), em especial do Brasil.<\/p>\n\n\n\n<p>\u201cNos \u00faltimos 12 anos, vamos dizer, a preval\u00eancia da subalimenta\u00e7\u00e3o em Angola caiu pela metade, de 55% para 25% da popula\u00e7\u00e3o e em Mo\u00e7ambique tamb\u00e9m, a preval\u00eancia da subalimenta\u00e7\u00e3o caiu no mesmo per\u00edodo, de 37% para 28%. Ou seja, em ambos os pa\u00edses, a tend\u00eancia \u00e9 positiva, por\u00e9m, a situa\u00e7\u00e3o continua preocupante.&nbsp; Em Cabo Verde e no Brasil, a situa\u00e7\u00e3o \u00e9 melhor. Em Cabo Verde, a fome atingiu 13% da popula\u00e7\u00e3o e menos de 2,5% da popula\u00e7\u00e3o no Brasil\u201d, descreve o relat\u00f3rio.<\/p>\n\n\n\n<p>O documento foi lan\u00e7ado por cinco ag\u00eancias da ONU: a Organiza\u00e7\u00e3o das Na\u00e7\u00f5es Unidas para Agricultura e Alimenta\u00e7\u00e3o (FAO); a Organiza\u00e7\u00e3o Mundial da Sa\u00fade (OMS); a Ag\u00eancia da ONU para Refugiados (Acnur); o Fundo das Na\u00e7\u00f5es Unidas para a Inf\u00e2ncia (Unicef); o Programa Mundial de Alimenta\u00e7\u00e3o (PMA; e o Escrit\u00f3rio das Na\u00e7\u00f5es Unidas de Assist\u00eancia Humanit\u00e1ria (Ocha).<\/p>\n\n\n\n<p>Al\u00e9m dos problemas de fome e desnutri\u00e7\u00e3o, o relat\u00f3rio da ONU aponta para o problema de obesidade. \u201cEm 2018, a estimativa \u00e9 de que 40 milh\u00f5es de crian\u00e7as menores de 5 anos estavam acima do peso\u201d, diz a nota da ONU.<\/p>\n","protected":false},"excerpt":{"rendered":"<p>Relat\u00f3rio da Orgniza\u00e7\u00e3o das Na\u00e7\u00f5es Unidas (ONU) revela que uma pessoa a cada 10, na popula\u00e7\u00e3o de todo o planeta, passou fome no ano passado.&hellip; <\/p>\n","protected":false},"author":1,"featured_media":105472,"comment_status":"closed","ping_status":"closed","sticky":false,"template":"","format":"standard","meta":{"sfsi_plus_gutenberg_text_before_share":"","sfsi_plus_gutenberg_show_text_before_share":"","sfsi_plus_gutenberg_icon_type":"","sfsi_plus_gutenberg_icon_alignemt":"","sfsi_plus_gutenburg_max_per_row":"","footnotes":""},"categories":[2],"tags":[],"class_list":["post-105471","post","type-post","status-publish","format-standard","has-post-thumbnail","hentry","category-geral"],"_links":{"self":[{"href":"https:\/\/www.caririemacao.com\/1\/wp-json\/wp\/v2\/posts\/105471","targetHints":{"allow":["GET"]}}],"collection":[{"href":"https:\/\/www.caririemacao.com\/1\/wp-json\/wp\/v2\/posts"}],"about":[{"href":"https:\/\/www.caririemacao.com\/1\/wp-json\/wp\/v2\/types\/post"}],"author":[{"embeddable":true,"href":"https:\/\/www.caririemacao.com\/1\/wp-json\/wp\/v2\/users\/1"}],"replies":[{"embeddable":true,"href":"https:\/\/www.caririemacao.com\/1\/wp-json\/wp\/v2\/comments?post=105471"}],"version-history":[{"count":1,"href":"https:\/\/www.caririemacao.com\/1\/wp-json\/wp\/v2\/posts\/105471\/revisions"}],"predecessor-version":[{"id":105473,"href":"https:\/\/www.caririemacao.com\/1\/wp-json\/wp\/v2\/posts\/105471\/revisions\/105473"}],"wp:featuredmedia":[{"embeddable":true,"href":"https:\/\/www.caririemacao.com\/1\/wp-json\/wp\/v2\/media\/105472"}],"wp:attachment":[{"href":"https:\/\/www.caririemacao.com\/1\/wp-json\/wp\/v2\/media?parent=105471"}],"wp:term":[{"taxonomy":"category","embeddable":true,"href":"https:\/\/www.caririemacao.com\/1\/wp-json\/wp\/v2\/categories?post=105471"},{"taxonomy":"post_tag","embeddable":true,"href":"https:\/\/www.caririemacao.com\/1\/wp-json\/wp\/v2\/tags?post=105471"}],"curies":[{"name":"wp","href":"https:\/\/api.w.org\/{rel}","templated":true}]}}