{"id":105476,"date":"2019-07-18T16:38:42","date_gmt":"2019-07-18T19:38:42","guid":{"rendered":"http:\/\/www.caririemacao.com\/1\/?p=105476"},"modified":"2019-07-18T16:38:42","modified_gmt":"2019-07-18T19:38:42","slug":"maioria-dos-professores-aprende-sozinha-sobre-tecnologia","status":"publish","type":"post","link":"https:\/\/www.caririemacao.com\/1\/2019\/07\/18\/maioria-dos-professores-aprende-sozinha-sobre-tecnologia\/","title":{"rendered":"Maioria dos professores aprende sozinha sobre tecnologia"},"content":{"rendered":"\n<p>A maior parte dos professores das escolas do pa\u00eds busca sozinha forma\u00e7\u00e3o sobre tecnologias. Segundo a pesquisa TIC Educa\u00e7\u00e3o, do Comit\u00ea Gestor da Internet no Brasil (CGI.br), divulgada hoje (16), 92% dos professores de escolas p\u00fablicas e 86% de escolas particulares buscam, por conta pr\u00f3pria, se informar sobre novos recursos que podem usar no ensino e sobre inova\u00e7\u00f5es tecnol\u00f3gicas.<\/p>\n\n\n\n<p>V\u00eddeos e tutoriais online s\u00e3o alguns dos recursos usados. O percentual de professores que dizem aprender por esse meio passou de 59% em 2015 para 75% em 2018, percentuais semelhantes entre professores que lecionam em escolas p\u00fablicas e particulares.<\/p>\n\n\n\n<p>Na outra ponta, 26% dos professores de escolas p\u00fablicas e 15% das particulares dizem receber forma\u00e7\u00e3o das secretarias de ensino e, enquanto 60%, nas particulares recebem apoio para informa\u00e7\u00f5es sobre tecnologia dos coordenadores pedag\u00f3gicos, esse percentual cai para 35% entre os docentes das escolas p\u00fablicas.<\/p>\n\n\n\n<p>&#8220;Os que os dados revelam \u00e9 que eles t\u00eam se interessado pelo uso das tecnologias no processo de ensino e aprendizagem, t\u00eam buscado, seja em cursos, seja em tutoriais v\u00eddeos&nbsp;<em>online,<\/em>&nbsp;mas a forma\u00e7\u00e3o formal, que a gente pode dizer que \u00e9 ofertada pela pr\u00f3pria escola e pela rede de ensino, ainda precisa de algum aprimoramento&#8221;, diz Daniela Costa, coordenadora da pesquisa TIC Educa\u00e7\u00e3o.<\/p>\n\n\n\n<h2 class=\"wp-block-heading\">Forma\u00e7\u00e3o na gradua\u00e7\u00e3o<\/h2>\n\n\n\n<p>A pesquisa mostra que a defasagem vem desde a forma\u00e7\u00e3o inicial, quando os professores est\u00e3o na faculdade. Pouco mais da metade, 54% dos professores de at\u00e9 30 anos, disse que cursou uma disciplina na gradua\u00e7\u00e3o sobre o uso de tecnologias na aprendizagem. A porcentagem cai quando se tratam de professores mais velhos. Entre os de 31 a 45 anos, 48% tiveram uma aula espec\u00edfica sobre o assunto e, entre aqueles com 46 anos ou mais, apenas 34%.<\/p>\n\n\n\n<p>No total, metade dos professores disse que pelo menos participou, na gradua\u00e7\u00e3o de cursos, debates ou palestras promovidos pela faculdade sobre o uso de tecnologias em atividades de ensino e aprendizagem; 55% disseram que os professores falavam nas aulas sobre como utilizar tecnologias em atividades de ensino e aprendizagem; e, 38% disseram que realizaram projetos ou atividades para a faculdade sobre o assunto.<\/p>\n\n\n\n<p>Depois que deixaram a faculdade, a forma\u00e7\u00e3o continuada tamb\u00e9m deixou a desejar, apenas 30% dos professores das escolas particulares e 21% das escolas p\u00fablicas participavam, no ano passado, de algum programa de forma\u00e7\u00e3o para os professores sobre o uso das tecnologias.<\/p>\n\n\n\n<p>&#8220;A forma\u00e7\u00e3o de professores \u00e9 um aspecto relevante para o uso da tecnologia no processo de ensino e aprendizagem. Eles acabam sendo mediadores no uso cr\u00edtico respons\u00e1vel da tecnologia. A conectividade depende dos professores estarem capacidades, de serem formados para o uso desses recursos e para extra\u00edrem o m\u00e1ximo desses dispositivos&#8221;, diz Daniela.<\/p>\n\n\n\n<h2 class=\"wp-block-heading\">Forma\u00e7\u00e3o de professores<\/h2>\n\n\n\n<p>A forma\u00e7\u00e3o dos professores est\u00e1 entre os itens que constam no&nbsp;<a href=\"http:\/\/agenciabrasil.ebc.com.br\/educacao\/noticia\/2019-07\/mec-pretende-implantar-no-pa%C3%ADs-108-escolas-c%C3%ADvico-militares-ate-2023\" target=\"_blank\" rel=\"noreferrer noopener\">Compromisso Nacional pela Educa\u00e7\u00e3o B\u00e1sica<\/a>, documento apresentado pelo Minist\u00e9rio da Educa\u00e7\u00e3o (MEC) como um plano de a\u00e7\u00e3o na educa\u00e7\u00e3o b\u00e1sica, que vai da educa\u00e7\u00e3o infantil ao ensino m\u00e9dio.<\/p>\n\n\n\n<p>O MEC pretende concluir tamb\u00e9m at\u00e9 novembro deste ano a revis\u00e3o do texto da&nbsp;<a href=\"http:\/\/agenciabrasil.ebc.com.br\/educacao\/noticia\/2019-07\/mec-quer-divulgar-boas-praticas-de-professores\" target=\"_blank\" rel=\"noreferrer noopener\">Base Nacional Comum da Forma\u00e7\u00e3o de Professores da Educa\u00e7\u00e3o B\u00e1sica<\/a>. O documento orientar\u00e1 a forma\u00e7\u00e3o de professores em licenciaturas e cursos de pedagogia em todas as faculdades, universidades e institui\u00e7\u00f5es p\u00fablicas e particulares de ensino do pa\u00eds.<\/p>\n\n\n\n<h2 class=\"wp-block-heading\">Pesquisa<\/h2>\n\n\n\n<p>A 9\u00aa edi\u00e7\u00e3o da pesquisa TIC Educa\u00e7\u00e3o foi realizada em todo o pa\u00eds com 11.142 estudantes de 5\u00ba e 9\u00ba ano do ensino fundamental e do 2\u00ba ano do ensino m\u00e9dio. Participaram ainda 1.807 professores de l\u00edngua portuguesa, de matem\u00e1tica e que lecionam m\u00faltiplas disciplinas, 906 coordenadores pedag\u00f3gicos e 979 diretores. Todos de escolas localizadas em \u00e1reas urbanas. Comp\u00f5em tamb\u00e9m a amostra 1.433 diretores ou respons\u00e1veis por escolas rurais.<\/p>\n\n\n\n<p>As entrevistas e os question\u00e1rios foram aplicados entre agosto e dezembro de 2018. A pesquisa foi realizada pelo CGI.br por meio do Centro Regional de Estudos para o Desenvolvimento da Sociedade da Informa\u00e7\u00e3o do N\u00facleo de Informa\u00e7\u00e3o e Coordena\u00e7\u00e3o do Ponto BR.<\/p>\n","protected":false},"excerpt":{"rendered":"<p>A maior parte dos professores das escolas do pa\u00eds busca sozinha forma\u00e7\u00e3o sobre tecnologias. Segundo a pesquisa TIC Educa\u00e7\u00e3o, do Comit\u00ea Gestor da Internet no&hellip; <\/p>\n","protected":false},"author":1,"featured_media":64632,"comment_status":"closed","ping_status":"closed","sticky":false,"template":"","format":"standard","meta":{"sfsi_plus_gutenberg_text_before_share":"","sfsi_plus_gutenberg_show_text_before_share":"","sfsi_plus_gutenberg_icon_type":"","sfsi_plus_gutenberg_icon_alignemt":"","sfsi_plus_gutenburg_max_per_row":"","footnotes":""},"categories":[14],"tags":[],"class_list":["post-105476","post","type-post","status-publish","format-standard","has-post-thumbnail","hentry","category-educacao"],"_links":{"self":[{"href":"https:\/\/www.caririemacao.com\/1\/wp-json\/wp\/v2\/posts\/105476","targetHints":{"allow":["GET"]}}],"collection":[{"href":"https:\/\/www.caririemacao.com\/1\/wp-json\/wp\/v2\/posts"}],"about":[{"href":"https:\/\/www.caririemacao.com\/1\/wp-json\/wp\/v2\/types\/post"}],"author":[{"embeddable":true,"href":"https:\/\/www.caririemacao.com\/1\/wp-json\/wp\/v2\/users\/1"}],"replies":[{"embeddable":true,"href":"https:\/\/www.caririemacao.com\/1\/wp-json\/wp\/v2\/comments?post=105476"}],"version-history":[{"count":1,"href":"https:\/\/www.caririemacao.com\/1\/wp-json\/wp\/v2\/posts\/105476\/revisions"}],"predecessor-version":[{"id":105477,"href":"https:\/\/www.caririemacao.com\/1\/wp-json\/wp\/v2\/posts\/105476\/revisions\/105477"}],"wp:featuredmedia":[{"embeddable":true,"href":"https:\/\/www.caririemacao.com\/1\/wp-json\/wp\/v2\/media\/64632"}],"wp:attachment":[{"href":"https:\/\/www.caririemacao.com\/1\/wp-json\/wp\/v2\/media?parent=105476"}],"wp:term":[{"taxonomy":"category","embeddable":true,"href":"https:\/\/www.caririemacao.com\/1\/wp-json\/wp\/v2\/categories?post=105476"},{"taxonomy":"post_tag","embeddable":true,"href":"https:\/\/www.caririemacao.com\/1\/wp-json\/wp\/v2\/tags?post=105476"}],"curies":[{"name":"wp","href":"https:\/\/api.w.org\/{rel}","templated":true}]}}