{"id":105482,"date":"2019-07-18T17:40:21","date_gmt":"2019-07-18T20:40:21","guid":{"rendered":"http:\/\/www.caririemacao.com\/1\/?p=105482"},"modified":"2019-07-18T17:40:21","modified_gmt":"2019-07-18T20:40:21","slug":"presidente-lenilson-convida-populacao-para-reuniao-da-camara-do-congo-nesta-quinta-feira","status":"publish","type":"post","link":"https:\/\/www.caririemacao.com\/1\/2019\/07\/18\/presidente-lenilson-convida-populacao-para-reuniao-da-camara-do-congo-nesta-quinta-feira\/","title":{"rendered":"Presidente Lenilson convida popula\u00e7\u00e3o para reuni\u00e3o da C\u00e2mara do Congo nesta quinta-feira"},"content":{"rendered":"\n<p> O presidente da C\u00e2mara Municipal de Congo, Lenilson Bezerra, convida todos os vereadores e popula\u00e7\u00e3o para participar da reuni\u00e3o ordin\u00e1ria, a ser realizada na noite desta quinta-feira, dia 18, no plen\u00e1rio da Casa Jos\u00e9 Jorge de Sousa. <\/p>\n","protected":false},"excerpt":{"rendered":"<p>O presidente da C\u00e2mara Municipal de Congo, Lenilson Bezerra, convida todos os vereadores e popula\u00e7\u00e3o para participar da reuni\u00e3o ordin\u00e1ria, a ser realizada na noite&hellip; <\/p>\n","protected":false},"author":2,"featured_media":105483,"comment_status":"closed","ping_status":"closed","sticky":false,"template":"","format":"standard","meta":{"sfsi_plus_gutenberg_text_before_share":"","sfsi_plus_gutenberg_show_text_before_share":"","sfsi_plus_gutenberg_icon_type":"","sfsi_plus_gutenberg_icon_alignemt":"","sfsi_plus_gutenburg_max_per_row":"","footnotes":""},"categories":[50,2],"tags":[],"class_list":["post-105482","post","type-post","status-publish","format-standard","has-post-thumbnail","hentry","category-destaque","category-geral"],"_links":{"self":[{"href":"https:\/\/www.caririemacao.com\/1\/wp-json\/wp\/v2\/posts\/105482","targetHints":{"allow":["GET"]}}],"collection":[{"href":"https:\/\/www.caririemacao.com\/1\/wp-json\/wp\/v2\/posts"}],"about":[{"href":"https:\/\/www.caririemacao.com\/1\/wp-json\/wp\/v2\/types\/post"}],"author":[{"embeddable":true,"href":"https:\/\/www.caririemacao.com\/1\/wp-json\/wp\/v2\/users\/2"}],"replies":[{"embeddable":true,"href":"https:\/\/www.caririemacao.com\/1\/wp-json\/wp\/v2\/comments?post=105482"}],"version-history":[{"count":1,"href":"https:\/\/www.caririemacao.com\/1\/wp-json\/wp\/v2\/posts\/105482\/revisions"}],"predecessor-version":[{"id":105484,"href":"https:\/\/www.caririemacao.com\/1\/wp-json\/wp\/v2\/posts\/105482\/revisions\/105484"}],"wp:featuredmedia":[{"embeddable":true,"href":"https:\/\/www.caririemacao.com\/1\/wp-json\/wp\/v2\/media\/105483"}],"wp:attachment":[{"href":"https:\/\/www.caririemacao.com\/1\/wp-json\/wp\/v2\/media?parent=105482"}],"wp:term":[{"taxonomy":"category","embeddable":true,"href":"https:\/\/www.caririemacao.com\/1\/wp-json\/wp\/v2\/categories?post=105482"},{"taxonomy":"post_tag","embeddable":true,"href":"https:\/\/www.caririemacao.com\/1\/wp-json\/wp\/v2\/tags?post=105482"}],"curies":[{"name":"wp","href":"https:\/\/api.w.org\/{rel}","templated":true}]}}