{"id":105486,"date":"2019-07-18T19:15:57","date_gmt":"2019-07-18T22:15:57","guid":{"rendered":"http:\/\/www.caririemacao.com\/1\/?p=105486"},"modified":"2019-07-18T19:15:57","modified_gmt":"2019-07-18T22:15:57","slug":"cantor-pedrinho-pegacao-e-a-segunda-atracao-confirmada-que-animara-a-11a-edicao-do-festival-do-mel","status":"publish","type":"post","link":"https:\/\/www.caririemacao.com\/1\/2019\/07\/18\/cantor-pedrinho-pegacao-e-a-segunda-atracao-confirmada-que-animara-a-11a-edicao-do-festival-do-mel\/","title":{"rendered":"Cantor Pedrinho Pega\u00e7\u00e3o \u00e9 a segunda atra\u00e7\u00e3o confirmada que animar\u00e1 a 11\u00aa edi\u00e7\u00e3o do Festival do Mel"},"content":{"rendered":"\n<p>A Prefeitura de S\u00e3o Jos\u00e9 dos Cordeiros, no Cariri paraibano, divulgou nesta quinta-feira (18), a segunda atra\u00e7\u00e3o que estar\u00e1 animando a 11\u00aa edi\u00e7\u00e3o do Festival do Mel, que este ano acontece entre os dias 29 \u00e0 31 de agosto.<\/p>\n\n\n\n<p>A segunda atra\u00e7\u00e3o confirmada e anunciada neste instante pela equipe de gest\u00e3o do prefeito Jefferson, trata-se do cantor forrozeiro Pedrinho Pega\u00e7\u00e3o. O artista \u00e9 conhecido pelo seu repert\u00f3rio sempre atualizado, aliando m\u00fasicas pr\u00f3prias, com sucessos do forr\u00f3 e de v\u00e1rios g\u00eaneros musicais. Ele \u00e9 respons\u00e1vel por grandes sucessos como: \u201cLinda Demais\u201d, \u201cT\u00f4 solteiro e t\u00f4 feliz\u201d, \u201cSubindo feito pipa\u201d, \u201cViva a bagaceira\u201d, \u201cPassou Passou\u201d, \u201cSextou\u201d, \u201cAmiga Parceira\u201d, \u201cEstilo Capa Louca\u201d, \u201cV\u00eddeo Na Balada\u201d, \u201cIns\u00f4nia\u201d, \u201cVaqueiro Desmantelado\u201d, \u201cNasci Pra Ser Solteiro\u201d, entre outras.<\/p>\n\n\n\n<p>Segundo informa\u00e7\u00f5es do prefeito Jefferson Roberto, nestes pr\u00f3ximos dias, a prefeitura divulgar\u00e1 as demais atra\u00e7\u00f5es que promete superar todas as expectativas. O Festival do Mel j\u00e1 \u00e9 considerado um dos maiores eventos tem\u00e1ticos de toda a Para\u00edba.<\/p>\n\n\n\n<p><strong>De Olho no Cariri<\/strong><\/p>\n","protected":false},"excerpt":{"rendered":"<p>A Prefeitura de S\u00e3o Jos\u00e9 dos Cordeiros, no Cariri paraibano, divulgou nesta quinta-feira (18), a segunda atra\u00e7\u00e3o que estar\u00e1 animando a 11\u00aa edi\u00e7\u00e3o do Festival&hellip; <\/p>\n","protected":false},"author":1,"featured_media":105487,"comment_status":"closed","ping_status":"closed","sticky":false,"template":"","format":"standard","meta":{"sfsi_plus_gutenberg_text_before_share":"","sfsi_plus_gutenberg_show_text_before_share":"","sfsi_plus_gutenberg_icon_type":"","sfsi_plus_gutenberg_icon_alignemt":"","sfsi_plus_gutenburg_max_per_row":"","footnotes":""},"categories":[50,2],"tags":[],"class_list":["post-105486","post","type-post","status-publish","format-standard","has-post-thumbnail","hentry","category-destaque","category-geral"],"_links":{"self":[{"href":"https:\/\/www.caririemacao.com\/1\/wp-json\/wp\/v2\/posts\/105486","targetHints":{"allow":["GET"]}}],"collection":[{"href":"https:\/\/www.caririemacao.com\/1\/wp-json\/wp\/v2\/posts"}],"about":[{"href":"https:\/\/www.caririemacao.com\/1\/wp-json\/wp\/v2\/types\/post"}],"author":[{"embeddable":true,"href":"https:\/\/www.caririemacao.com\/1\/wp-json\/wp\/v2\/users\/1"}],"replies":[{"embeddable":true,"href":"https:\/\/www.caririemacao.com\/1\/wp-json\/wp\/v2\/comments?post=105486"}],"version-history":[{"count":1,"href":"https:\/\/www.caririemacao.com\/1\/wp-json\/wp\/v2\/posts\/105486\/revisions"}],"predecessor-version":[{"id":105488,"href":"https:\/\/www.caririemacao.com\/1\/wp-json\/wp\/v2\/posts\/105486\/revisions\/105488"}],"wp:featuredmedia":[{"embeddable":true,"href":"https:\/\/www.caririemacao.com\/1\/wp-json\/wp\/v2\/media\/105487"}],"wp:attachment":[{"href":"https:\/\/www.caririemacao.com\/1\/wp-json\/wp\/v2\/media?parent=105486"}],"wp:term":[{"taxonomy":"category","embeddable":true,"href":"https:\/\/www.caririemacao.com\/1\/wp-json\/wp\/v2\/categories?post=105486"},{"taxonomy":"post_tag","embeddable":true,"href":"https:\/\/www.caririemacao.com\/1\/wp-json\/wp\/v2\/tags?post=105486"}],"curies":[{"name":"wp","href":"https:\/\/api.w.org\/{rel}","templated":true}]}}