{"id":105501,"date":"2019-07-19T07:37:24","date_gmt":"2019-07-19T10:37:24","guid":{"rendered":"http:\/\/www.caririemacao.com\/1\/?p=105501"},"modified":"2019-07-19T07:37:24","modified_gmt":"2019-07-19T10:37:24","slug":"damares-diz-que-protecao-a-religioes-africanas-tera-atencao-especial-do-governo-bolsonaro","status":"publish","type":"post","link":"https:\/\/www.caririemacao.com\/1\/2019\/07\/19\/damares-diz-que-protecao-a-religioes-africanas-tera-atencao-especial-do-governo-bolsonaro\/","title":{"rendered":"Damares diz que prote\u00e7\u00e3o a religi\u00f5es africanas ter\u00e1 &#8216;aten\u00e7\u00e3o especial&#8217; do governo Bolsonaro"},"content":{"rendered":"\n<p>ministra Damares Alves (Mulher, Fam\u00edlia e Direitos Humanos) afirmou nesta quinta-feira (18) nos EUA que o governo Jair Bolsonaro vai promover uma s\u00e9rie de iniciativas para garantir o exerc\u00edcio da liberdade religiosa no Brasil, com aten\u00e7\u00e3o especial \u00e0s religi\u00f5es de matrizes africanas.<\/p>\n\n\n\n<p>Durante evento no Departamento de Estado americano, a ministra disse ainda que o governo brasileiro est\u00e1 preocupado especialmente com a persegui\u00e7\u00e3o contra crist\u00e3os pelo mundo e que criar\u00e1 uma coordena\u00e7\u00e3o nacional e um comit\u00ea espec\u00edfico \u2013 chefiados por sua pasta \u2013 para tratarem da prote\u00e7\u00e3o ao livre exerc\u00edcio religioso.&nbsp;<\/p>\n\n\n\n<p>Damares, por\u00e9m, n\u00e3o explicou ou deu detalhes sobre as a\u00e7\u00f5es que seriam desempenhadas pelos novos \u00f3rg\u00e3os.<\/p>\n\n\n\n<p>&#8220;Aproveito a oportunidade para anunciar duas grandes iniciativas do governo brasileiro: instituiremos, nos pr\u00f3ximos dias, um comit\u00ea nacional de liberdade religiosa e de cren\u00e7a. Ser\u00e1 criada tamb\u00e9m, no \u00e2mbito do Minist\u00e9rio da Mulher, da Fam\u00edlia e dos Direitos Humanos, uma coordena\u00e7\u00e3o nacional destinada a promover a\u00e7\u00f5es e iniciativas para garantir o pleno exerc\u00edcio da liberdade religiosa. Ser\u00e1 dada uma aten\u00e7\u00e3o especial \u00e0s religi\u00f5es de matriz africana&#8221;, declarou a ministra.<\/p>\n\n\n\n<p>&#8220;O atual governo brasileiro est\u00e1 seriamente preocupado com os cont\u00ednuos atos de intoler\u00e2ncia e viol\u00eancia baseados em religi\u00e3o ou cren\u00e7a. Estamos particularmente apreensivos com a persegui\u00e7\u00e3o contra crist\u00e3os em diferentes partes do mundo. N\u00e3o d\u00e1 mais para admitir a persegui\u00e7\u00e3o e a morte de tantos crist\u00e3o no mundo&#8221;, completou.<\/p>\n\n\n\n<p>Em discurso de menos de quatro minutos, Damares afirmou que, para enfrentar a persegui\u00e7\u00e3o religiosa, \u00e9 preciso &#8220;combater narrativas que promovam o \u00f3dio e repudiar legisla\u00e7\u00f5es que restrinjam a liberdade religiosa&#8221;, mas disse que essa n\u00e3o \u00e9 apenas uma responsabilidade do governo federal.<\/p>\n\n\n\n<p>&#8220;Os l\u00edderes religiosos tamb\u00e9m desempenham papel central em raz\u00e3o da influ\u00eancia que exercem na sociedade.&#8221;<\/p>\n\n\n\n<p>Parte da base eleitoral de Jair Bolsonaro \u00e9 evang\u00e9lica, assim como a ministra, e o presidente \u2013 que \u00e9 cat\u00f3lico \u2013 diversas vezes \u00e9 acusado por cr\u00edticos e opositores de praticar discurso de \u00f3dio em rela\u00e7\u00e3o a minorias.<\/p>\n\n\n\n<p>Damares participou nesta quinta de evento promovido pelo governo americano com diversas autoridades dos EUA e do mundo para tratar de liberdade religiosa.<\/p>\n\n\n\n<p>O presidente americano Donald Trump tamb\u00e9m tem parte de sua base ligada aos evang\u00e9licos e, por v\u00e1rias vezes, recorre a discursos agressivos, considerados racistas, para inflamar eleitores \u00e0s v\u00e9speras da elei\u00e7\u00e3o.<\/p>\n","protected":false},"excerpt":{"rendered":"<p>ministra Damares Alves (Mulher, Fam\u00edlia e Direitos Humanos) afirmou nesta quinta-feira (18) nos EUA que o governo Jair Bolsonaro vai promover uma s\u00e9rie de iniciativas&hellip; <\/p>\n","protected":false},"author":1,"featured_media":105502,"comment_status":"closed","ping_status":"closed","sticky":false,"template":"","format":"standard","meta":{"sfsi_plus_gutenberg_text_before_share":"","sfsi_plus_gutenberg_show_text_before_share":"","sfsi_plus_gutenberg_icon_type":"","sfsi_plus_gutenberg_icon_alignemt":"","sfsi_plus_gutenburg_max_per_row":"","footnotes":""},"categories":[11],"tags":[],"class_list":["post-105501","post","type-post","status-publish","format-standard","has-post-thumbnail","hentry","category-politica"],"_links":{"self":[{"href":"https:\/\/www.caririemacao.com\/1\/wp-json\/wp\/v2\/posts\/105501","targetHints":{"allow":["GET"]}}],"collection":[{"href":"https:\/\/www.caririemacao.com\/1\/wp-json\/wp\/v2\/posts"}],"about":[{"href":"https:\/\/www.caririemacao.com\/1\/wp-json\/wp\/v2\/types\/post"}],"author":[{"embeddable":true,"href":"https:\/\/www.caririemacao.com\/1\/wp-json\/wp\/v2\/users\/1"}],"replies":[{"embeddable":true,"href":"https:\/\/www.caririemacao.com\/1\/wp-json\/wp\/v2\/comments?post=105501"}],"version-history":[{"count":1,"href":"https:\/\/www.caririemacao.com\/1\/wp-json\/wp\/v2\/posts\/105501\/revisions"}],"predecessor-version":[{"id":105503,"href":"https:\/\/www.caririemacao.com\/1\/wp-json\/wp\/v2\/posts\/105501\/revisions\/105503"}],"wp:featuredmedia":[{"embeddable":true,"href":"https:\/\/www.caririemacao.com\/1\/wp-json\/wp\/v2\/media\/105502"}],"wp:attachment":[{"href":"https:\/\/www.caririemacao.com\/1\/wp-json\/wp\/v2\/media?parent=105501"}],"wp:term":[{"taxonomy":"category","embeddable":true,"href":"https:\/\/www.caririemacao.com\/1\/wp-json\/wp\/v2\/categories?post=105501"},{"taxonomy":"post_tag","embeddable":true,"href":"https:\/\/www.caririemacao.com\/1\/wp-json\/wp\/v2\/tags?post=105501"}],"curies":[{"name":"wp","href":"https:\/\/api.w.org\/{rel}","templated":true}]}}