{"id":105506,"date":"2019-07-19T07:40:48","date_gmt":"2019-07-19T10:40:48","guid":{"rendered":"http:\/\/www.caririemacao.com\/1\/?p=105506"},"modified":"2019-07-19T07:40:48","modified_gmt":"2019-07-19T10:40:48","slug":"prefeita-lorena-cobra-providencias-sobre-suspensao-do-bombeamento-de-agua-na-transposicao","status":"publish","type":"post","link":"https:\/\/www.caririemacao.com\/1\/2019\/07\/19\/prefeita-lorena-cobra-providencias-sobre-suspensao-do-bombeamento-de-agua-na-transposicao\/","title":{"rendered":"Prefeita Lorena cobra provid\u00eancias sobre suspens\u00e3o do bombeamento de \u00e1gua na Transposi\u00e7\u00e3o"},"content":{"rendered":"\n<p>A Prefeita de Monteiro, Anna Lorena, encaminhou of\u00edcio nesta quinta-feira (18), ao Minist\u00e9rio do Desenvolvimento Regional, cobrando provid\u00eancias sobre retomada do bombeamento de \u00e1gua no Eixo Leste da Transposi\u00e7\u00e3o do Rio S\u00e3o Francisco, suspenso desde o final de fevereiro desse ano.<\/p>\n\n\n\n<p>No of\u00edcio, a prefeita destacou que a suspens\u00e3o no fornecimento das \u00e1guas do Rio S\u00e3o Francisco vem ocasionando rachaduras em todo percurso do canal entre os munic\u00edpios de Sert\u00e2nia\/PE e Monteiro\/PB, o que tem comprometido toda a estrutura do canal.<\/p>\n\n\n\n<p>Anna Lorena ainda destacou que o assunto tem gerado cobran\u00e7as da popula\u00e7\u00e3o e da imprensa, sem que haja uma explica\u00e7\u00e3o plaus\u00edvel sobre o caso.<\/p>\n\n\n\n<p>\u201cQueremos uma resposta imediata por parte do Minist\u00e9rio do Desenvolvimento Regional, com a retomada do fornecimento de \u00e1gua atrav\u00e9s do Canal da Transposi\u00e7\u00e3o, ap\u00f3s os devidos reparos, pois essa \u00e1gua \u00e9 de extrema import\u00e2ncia para seguran\u00e7a h\u00eddrica da regi\u00e3o\u201d, disse a gestora de Monteiro.<\/p>\n\n\n\n<p>A prefeita ainda informou que est\u00e1 oficiando toda a bancada federal da Para\u00edba, para unir for\u00e7as em torno de uma solu\u00e7\u00e3o para o problema.<\/p>\n","protected":false},"excerpt":{"rendered":"<p>A Prefeita de Monteiro, Anna Lorena, encaminhou of\u00edcio nesta quinta-feira (18), ao Minist\u00e9rio do Desenvolvimento Regional, cobrando provid\u00eancias sobre retomada do bombeamento de \u00e1gua no&hellip; <\/p>\n","protected":false},"author":1,"featured_media":12074,"comment_status":"closed","ping_status":"closed","sticky":false,"template":"","format":"standard","meta":{"sfsi_plus_gutenberg_text_before_share":"","sfsi_plus_gutenberg_show_text_before_share":"","sfsi_plus_gutenberg_icon_type":"","sfsi_plus_gutenberg_icon_alignemt":"","sfsi_plus_gutenburg_max_per_row":"","footnotes":""},"categories":[50,2],"tags":[],"class_list":["post-105506","post","type-post","status-publish","format-standard","has-post-thumbnail","hentry","category-destaque","category-geral"],"_links":{"self":[{"href":"https:\/\/www.caririemacao.com\/1\/wp-json\/wp\/v2\/posts\/105506","targetHints":{"allow":["GET"]}}],"collection":[{"href":"https:\/\/www.caririemacao.com\/1\/wp-json\/wp\/v2\/posts"}],"about":[{"href":"https:\/\/www.caririemacao.com\/1\/wp-json\/wp\/v2\/types\/post"}],"author":[{"embeddable":true,"href":"https:\/\/www.caririemacao.com\/1\/wp-json\/wp\/v2\/users\/1"}],"replies":[{"embeddable":true,"href":"https:\/\/www.caririemacao.com\/1\/wp-json\/wp\/v2\/comments?post=105506"}],"version-history":[{"count":1,"href":"https:\/\/www.caririemacao.com\/1\/wp-json\/wp\/v2\/posts\/105506\/revisions"}],"predecessor-version":[{"id":105508,"href":"https:\/\/www.caririemacao.com\/1\/wp-json\/wp\/v2\/posts\/105506\/revisions\/105508"}],"wp:featuredmedia":[{"embeddable":true,"href":"https:\/\/www.caririemacao.com\/1\/wp-json\/wp\/v2\/media\/12074"}],"wp:attachment":[{"href":"https:\/\/www.caririemacao.com\/1\/wp-json\/wp\/v2\/media?parent=105506"}],"wp:term":[{"taxonomy":"category","embeddable":true,"href":"https:\/\/www.caririemacao.com\/1\/wp-json\/wp\/v2\/categories?post=105506"},{"taxonomy":"post_tag","embeddable":true,"href":"https:\/\/www.caririemacao.com\/1\/wp-json\/wp\/v2\/tags?post=105506"}],"curies":[{"name":"wp","href":"https:\/\/api.w.org\/{rel}","templated":true}]}}