{"id":105512,"date":"2019-07-19T07:43:18","date_gmt":"2019-07-19T10:43:18","guid":{"rendered":"http:\/\/www.caririemacao.com\/1\/?p=105512"},"modified":"2019-07-19T07:43:18","modified_gmt":"2019-07-19T10:43:18","slug":"prefeito-destaca-sucesso-da-amparo-cabra-fest-2019","status":"publish","type":"post","link":"https:\/\/www.caririemacao.com\/1\/2019\/07\/19\/prefeito-destaca-sucesso-da-amparo-cabra-fest-2019\/","title":{"rendered":"Prefeito destaca sucesso da Amparo Cabra Fest 2019"},"content":{"rendered":"\n<p>O prefeito de Amparo, In\u00e1cio N\u00f3brega, destacou em entrevista ao Not\u00edcias em Destaque, o sucesso da terceira edi\u00e7\u00e3o da Amparo Cabra Fest.<\/p>\n\n\n\n<figure><iframe width=\"480\" height=\"270\" data-src=\"https:\/\/www.youtube.com\/embed\/MqgasOjnda8?enablejsapi=1&amp;autoplay=0&amp;cc_load_policy=0&amp;iv_load_policy=1&amp;loop=0&amp;modestbranding=0&amp;rel=1&amp;showinfo=1&amp;fs=1&amp;playsinline=0&amp;autohide=2&amp;theme=dark&amp;color=red&amp;controls=2&amp;\" allowfullscreen=\"\" src=\"data:image\/svg+xml;base64,PHN2ZyB3aWR0aD0iMSIgaGVpZ2h0PSIxIiB4bWxucz0iaHR0cDovL3d3dy53My5vcmcvMjAwMC9zdmciPjwvc3ZnPg==\" class=\"lazyload\" data-load-mode=\"1\"><\/iframe><\/figure>\n\n\n\n<p>O evento aconteceu entre os dias 11 e 14 de julho, al\u00e9m da parte t\u00e9cnica e comercial, contou com shows de Gatinha Manhosa, Ricardo Soares, Forr\u00f3 Kent, Adu\u00edlio Mendes e Rog\u00e9rio Lima.<\/p>\n","protected":false},"excerpt":{"rendered":"<p>O prefeito de Amparo, In\u00e1cio N\u00f3brega, destacou em entrevista ao Not\u00edcias em Destaque, o sucesso da terceira edi\u00e7\u00e3o da Amparo Cabra Fest. O evento aconteceu&hellip; <\/p>\n","protected":false},"author":1,"featured_media":92198,"comment_status":"closed","ping_status":"closed","sticky":false,"template":"","format":"standard","meta":{"sfsi_plus_gutenberg_text_before_share":"","sfsi_plus_gutenberg_show_text_before_share":"","sfsi_plus_gutenberg_icon_type":"","sfsi_plus_gutenberg_icon_alignemt":"","sfsi_plus_gutenburg_max_per_row":"","footnotes":""},"categories":[50,2],"tags":[],"class_list":["post-105512","post","type-post","status-publish","format-standard","has-post-thumbnail","hentry","category-destaque","category-geral"],"_links":{"self":[{"href":"https:\/\/www.caririemacao.com\/1\/wp-json\/wp\/v2\/posts\/105512","targetHints":{"allow":["GET"]}}],"collection":[{"href":"https:\/\/www.caririemacao.com\/1\/wp-json\/wp\/v2\/posts"}],"about":[{"href":"https:\/\/www.caririemacao.com\/1\/wp-json\/wp\/v2\/types\/post"}],"author":[{"embeddable":true,"href":"https:\/\/www.caririemacao.com\/1\/wp-json\/wp\/v2\/users\/1"}],"replies":[{"embeddable":true,"href":"https:\/\/www.caririemacao.com\/1\/wp-json\/wp\/v2\/comments?post=105512"}],"version-history":[{"count":1,"href":"https:\/\/www.caririemacao.com\/1\/wp-json\/wp\/v2\/posts\/105512\/revisions"}],"predecessor-version":[{"id":105513,"href":"https:\/\/www.caririemacao.com\/1\/wp-json\/wp\/v2\/posts\/105512\/revisions\/105513"}],"wp:featuredmedia":[{"embeddable":true,"href":"https:\/\/www.caririemacao.com\/1\/wp-json\/wp\/v2\/media\/92198"}],"wp:attachment":[{"href":"https:\/\/www.caririemacao.com\/1\/wp-json\/wp\/v2\/media?parent=105512"}],"wp:term":[{"taxonomy":"category","embeddable":true,"href":"https:\/\/www.caririemacao.com\/1\/wp-json\/wp\/v2\/categories?post=105512"},{"taxonomy":"post_tag","embeddable":true,"href":"https:\/\/www.caririemacao.com\/1\/wp-json\/wp\/v2\/tags?post=105512"}],"curies":[{"name":"wp","href":"https:\/\/api.w.org\/{rel}","templated":true}]}}