{"id":105517,"date":"2019-07-19T07:45:44","date_gmt":"2019-07-19T10:45:44","guid":{"rendered":"http:\/\/www.caririemacao.com\/1\/?p=105517"},"modified":"2019-07-19T07:45:44","modified_gmt":"2019-07-19T10:45:44","slug":"crianca-de-5-anos-e-abusada-sexualmente-por-companheiro-da-avo-em-sousa","status":"publish","type":"post","link":"https:\/\/www.caririemacao.com\/1\/2019\/07\/19\/crianca-de-5-anos-e-abusada-sexualmente-por-companheiro-da-avo-em-sousa\/","title":{"rendered":"Crian\u00e7a de 5 anos \u00e9 abusada sexualmente por companheiro da av\u00f3 em Sousa"},"content":{"rendered":"\n<p>Um homem foi preso, nesta quinta-feira (19), suspeito de abusar sexualmente da neta, de 5 anos, de sua companheira, na cidade de Sousa, na Para\u00edba. A pris\u00e3o foi realizada pela Pol\u00edcia Civil, atrav\u00e9s da 19a Delegacia Seccional em Sousa.<\/p>\n\n\n\n<p>Os policias realizaram a pris\u00e3o ap\u00f3s os vizinhos denunciarem uma movimenta\u00e7\u00e3o estranha na resid\u00eancia. De acordo com os vizinhos, o homem falava palavras obscenas para a crian\u00e7a, que chorava bastante.&nbsp;<\/p>\n\n\n\n<p>A Pol\u00edcia Civil informou que a av\u00f3 da menina saia para trabalha, deixava uma neta de 10 anos no refor\u00e7o, enquanto a menina de 5 anos ficava dentro de casa. A Pol\u00edcia tamb\u00e9m investiga se a irm\u00e3 de 10 anos&nbsp;sofria os abusos.<\/p>\n\n\n\n<p>Jeov\u00e1 Leite da Silva, de 50 anos&nbsp;foi preso em flagrante e encaminhado para o pres\u00eddio de Sousa.<\/p>\n","protected":false},"excerpt":{"rendered":"<p>Um homem foi preso, nesta quinta-feira (19), suspeito de abusar sexualmente da neta, de 5 anos, de sua companheira, na cidade de Sousa, na Para\u00edba.&hellip; <\/p>\n","protected":false},"author":1,"featured_media":105518,"comment_status":"closed","ping_status":"closed","sticky":false,"template":"","format":"standard","meta":{"sfsi_plus_gutenberg_text_before_share":"","sfsi_plus_gutenberg_show_text_before_share":"","sfsi_plus_gutenberg_icon_type":"","sfsi_plus_gutenberg_icon_alignemt":"","sfsi_plus_gutenburg_max_per_row":"","footnotes":""},"categories":[12],"tags":[],"class_list":["post-105517","post","type-post","status-publish","format-standard","has-post-thumbnail","hentry","category-policia"],"_links":{"self":[{"href":"https:\/\/www.caririemacao.com\/1\/wp-json\/wp\/v2\/posts\/105517","targetHints":{"allow":["GET"]}}],"collection":[{"href":"https:\/\/www.caririemacao.com\/1\/wp-json\/wp\/v2\/posts"}],"about":[{"href":"https:\/\/www.caririemacao.com\/1\/wp-json\/wp\/v2\/types\/post"}],"author":[{"embeddable":true,"href":"https:\/\/www.caririemacao.com\/1\/wp-json\/wp\/v2\/users\/1"}],"replies":[{"embeddable":true,"href":"https:\/\/www.caririemacao.com\/1\/wp-json\/wp\/v2\/comments?post=105517"}],"version-history":[{"count":1,"href":"https:\/\/www.caririemacao.com\/1\/wp-json\/wp\/v2\/posts\/105517\/revisions"}],"predecessor-version":[{"id":105519,"href":"https:\/\/www.caririemacao.com\/1\/wp-json\/wp\/v2\/posts\/105517\/revisions\/105519"}],"wp:featuredmedia":[{"embeddable":true,"href":"https:\/\/www.caririemacao.com\/1\/wp-json\/wp\/v2\/media\/105518"}],"wp:attachment":[{"href":"https:\/\/www.caririemacao.com\/1\/wp-json\/wp\/v2\/media?parent=105517"}],"wp:term":[{"taxonomy":"category","embeddable":true,"href":"https:\/\/www.caririemacao.com\/1\/wp-json\/wp\/v2\/categories?post=105517"},{"taxonomy":"post_tag","embeddable":true,"href":"https:\/\/www.caririemacao.com\/1\/wp-json\/wp\/v2\/tags?post=105517"}],"curies":[{"name":"wp","href":"https:\/\/api.w.org\/{rel}","templated":true}]}}