{"id":105524,"date":"2019-07-19T07:50:35","date_gmt":"2019-07-19T10:50:35","guid":{"rendered":"http:\/\/www.caririemacao.com\/1\/?p=105524"},"modified":"2019-07-19T07:50:35","modified_gmt":"2019-07-19T10:50:35","slug":"apos-repercussao-negativa-bolsonaro-volta-atras-e-sede-dpu-no-interior-da-pb-sera-mantida","status":"publish","type":"post","link":"https:\/\/www.caririemacao.com\/1\/2019\/07\/19\/apos-repercussao-negativa-bolsonaro-volta-atras-e-sede-dpu-no-interior-da-pb-sera-mantida\/","title":{"rendered":"Ap\u00f3s repercuss\u00e3o negativa, Bolsonaro volta atr\u00e1s e sede DPU no interior da PB ser\u00e1 mantida"},"content":{"rendered":"\n<p>Ap\u00f3s a repercuss\u00e3o negativa do fechamento de sedes do DPU pelo Brasil, o presidente da Rep\u00fablica, Jair Messias Bolsonaro, assinou medida provis\u00f3ria para manuten\u00e7\u00e3o dos 819 servidores requisitados anteriormente pelo Poder Executivo Federal. A assinatura ocorreu nessa quinta-feira (18), em cerim\u00f4nia no Pal\u00e1cio do Planalto alusiva aos 200 dias de governo.- Continua depois da publicidade &#8211;<\/p>\n\n\n\n<figure><iframe data-src=\"https:\/\/paraibaja.com.br\/?_dnid=138773&amp;t=1558288208\" src=\"data:image\/svg+xml;base64,PHN2ZyB3aWR0aD0iMSIgaGVpZ2h0PSIxIiB4bWxucz0iaHR0cDovL3d3dy53My5vcmcvMjAwMC9zdmciPjwvc3ZnPg==\" class=\"lazyload\" data-load-mode=\"1\"><\/iframe><\/figure>\n\n\n\n<p>A decis\u00e3o do presidente da Rep\u00fablica garante o funcionamento de todas as 43 unidades da&nbsp;DPU&nbsp;no interior, que corriam o risco de fechamento caso os servidores requisitados, respons\u00e1veis por 2\/3 da for\u00e7a de trabalho administrativa da Defensoria, tivessem que voltar aos \u00f3rg\u00e3os de origem a partir de 27 de julho. A possibilidade de devolu\u00e7\u00e3o compuls\u00f3ria decorria da Lei 13.328\/2016, que estabeleceu prazo m\u00e1ximo de tr\u00eas anos de tempo de requisi\u00e7\u00e3o de servidores da administra\u00e7\u00e3o p\u00fablica federal direta pela&nbsp;DPU.<\/p>\n\n\n\n<p><strong><a href=\"https:\/\/paraibaja.com.br\/apos-determinacao-do-governo-bolsonaro-unica-sede-da-dpu-no-interior-pb-sera-fechada\/\">+ Ap\u00f3s determina\u00e7\u00e3o do governo Bolsonaro, \u00fanica sede da DPU no interior da PB ser\u00e1 fechada<\/a><\/strong><\/p>\n\n\n\n<p>Com a MP assinada hoje, a administra\u00e7\u00e3o do \u00f3rg\u00e3o pode agora concentrar esfor\u00e7os junto ao Congresso Nacional para solu\u00e7\u00e3o definitiva em rela\u00e7\u00e3o ao quadro de pessoal por meio do Projeto de Lei 7.922\/2014 ou substitutivo que crie a carreira administrativa pr\u00f3pria da Defensoria P\u00fablica da Uni\u00e3o.<\/p>\n","protected":false},"excerpt":{"rendered":"<p>Ap\u00f3s a repercuss\u00e3o negativa do fechamento de sedes do DPU pelo Brasil, o presidente da Rep\u00fablica, Jair Messias Bolsonaro, assinou medida provis\u00f3ria para manuten\u00e7\u00e3o dos&hellip; <\/p>\n","protected":false},"author":1,"featured_media":105525,"comment_status":"closed","ping_status":"closed","sticky":false,"template":"","format":"standard","meta":{"sfsi_plus_gutenberg_text_before_share":"","sfsi_plus_gutenberg_show_text_before_share":"","sfsi_plus_gutenberg_icon_type":"","sfsi_plus_gutenberg_icon_alignemt":"","sfsi_plus_gutenburg_max_per_row":"","footnotes":""},"categories":[11],"tags":[],"class_list":["post-105524","post","type-post","status-publish","format-standard","has-post-thumbnail","hentry","category-politica"],"_links":{"self":[{"href":"https:\/\/www.caririemacao.com\/1\/wp-json\/wp\/v2\/posts\/105524","targetHints":{"allow":["GET"]}}],"collection":[{"href":"https:\/\/www.caririemacao.com\/1\/wp-json\/wp\/v2\/posts"}],"about":[{"href":"https:\/\/www.caririemacao.com\/1\/wp-json\/wp\/v2\/types\/post"}],"author":[{"embeddable":true,"href":"https:\/\/www.caririemacao.com\/1\/wp-json\/wp\/v2\/users\/1"}],"replies":[{"embeddable":true,"href":"https:\/\/www.caririemacao.com\/1\/wp-json\/wp\/v2\/comments?post=105524"}],"version-history":[{"count":1,"href":"https:\/\/www.caririemacao.com\/1\/wp-json\/wp\/v2\/posts\/105524\/revisions"}],"predecessor-version":[{"id":105526,"href":"https:\/\/www.caririemacao.com\/1\/wp-json\/wp\/v2\/posts\/105524\/revisions\/105526"}],"wp:featuredmedia":[{"embeddable":true,"href":"https:\/\/www.caririemacao.com\/1\/wp-json\/wp\/v2\/media\/105525"}],"wp:attachment":[{"href":"https:\/\/www.caririemacao.com\/1\/wp-json\/wp\/v2\/media?parent=105524"}],"wp:term":[{"taxonomy":"category","embeddable":true,"href":"https:\/\/www.caririemacao.com\/1\/wp-json\/wp\/v2\/categories?post=105524"},{"taxonomy":"post_tag","embeddable":true,"href":"https:\/\/www.caririemacao.com\/1\/wp-json\/wp\/v2\/tags?post=105524"}],"curies":[{"name":"wp","href":"https:\/\/api.w.org\/{rel}","templated":true}]}}