{"id":105538,"date":"2019-07-19T08:05:25","date_gmt":"2019-07-19T11:05:25","guid":{"rendered":"http:\/\/www.caririemacao.com\/1\/?p=105538"},"modified":"2019-07-19T08:05:25","modified_gmt":"2019-07-19T11:05:25","slug":"modelo-de-capitalizacao-da-eletrobras-sera-apresentado-ate-agosto","status":"publish","type":"post","link":"https:\/\/www.caririemacao.com\/1\/2019\/07\/19\/modelo-de-capitalizacao-da-eletrobras-sera-apresentado-ate-agosto\/","title":{"rendered":"Modelo de capitaliza\u00e7\u00e3o da Eletrobras ser\u00e1 apresentado at\u00e9 agosto"},"content":{"rendered":"\n<p><br>O ministro de Minas e Energia, Bento Albuquerque, disse hoje (18) que o modelo de capitaliza\u00e7\u00e3o da Eletrobras ser\u00e1 apresentado at\u00e9 o in\u00edcio de agosto. Segundo o ministro, o modelo est\u00e1 pronto e ser\u00e1 divulgado ap\u00f3s ser apresentado ao presidente Jair Bolsonaro, o que deve ocorrer, segundo Albuquerque, nas pr\u00f3ximas duas semanas.<\/p>\n\n\n\n<p>\u201cConclu\u00edmos o modelo, que foi trabalho [realizado] nos \u00faltimos seis meses, houve um trabalho da Eletrobras com o Minist\u00e9rio de Minas e Energia [MME] e depois do MME com o Minist\u00e9rio da Economia e agora estamos em condi\u00e7\u00e3o de apresentar para o presidente para iniciar o processo em agosto\u201d, disse o ministro durante entrevista coletiva para divulgar o balan\u00e7o de atua\u00e7\u00e3o da pasta nos<a href=\"http:\/\/agenciabrasil.ebc.com.br\/politica\/noticia\/2019-07\/cerimonia-200-dias-de-governo-ao-vivo\" target=\"_blank\" rel=\"noreferrer noopener\">&nbsp;200 dias de governo.<\/a><\/p>\n\n\n\n<p>O ministro n\u00e3o informou maiores detalhes sobre o modelo, mas disse que a inten\u00e7\u00e3o do governo \u00e9 fazer com que a proposta tramite no Congresso Nacional ainda no segundo semestre. Uma decis\u00e3o do Supremo Tribunal Federal (STF) definiu que a privatiza\u00e7\u00e3o de holdings, caso da Eletrobras, precisa passar pelo Congresso.<\/p>\n\n\n\n<p>O governo ainda n\u00e3o decidiu se a estrat\u00e9gia ser\u00e1 pela apresenta\u00e7\u00e3o de um projeto para tramitar do zero ou aproveitar propostas j\u00e1 existentes e apensar a mat\u00e9ria. Antes da defini\u00e7\u00e3o, haver\u00e1 reuni\u00f5es com os presidentes da C\u00e2mara dos Deputados, Rodrigo Maia (DEM-RJ), e do Senado, Davi Alcolumbre (DEM-AP), e l\u00edderes do governo para apresentar do modelo. O ministro disse que a expectativa \u00e9 pela aprova\u00e7\u00e3o da proposta at\u00e9 o final do ano.<\/p>\n\n\n\n<p>\u201cA \u00fanica coisa que eu posso afirmar \u00e9 que vai haver um processo de capitaliza\u00e7\u00e3o e a Uni\u00e3o vai perder o controle da empresa, agora o modelo propriamente dito vai ser apresentado para o presidente e depois disso, estamos estudando, ainda n\u00e3o sabemos exatamente, porque tem projetos de lei no Congresso que poderiam ser aproveitados\u201d, disse o ministro. \u201cPosso dizer que n\u00e3o existe minuta ainda, porque ainda estamos conversando em rela\u00e7\u00e3o a isso. O importante \u00e9 que o presidente aprove o modelo\u201d.<\/p>\n\n\n\n<p>Questionado se a tramita\u00e7\u00e3o do projeto n\u00e3o poderia ser prejudicada em raz\u00e3o de outras propostas que j\u00e1 tramitam no Congresso, como a reforma da Previd\u00eancia ou a reforma tribut\u00e1ria, o ministro disse que o projeto de capitaliza\u00e7\u00e3o da Eletrobras n\u00e3o \u00e9 excludente e que o andamento vai depender da din\u00e2mica do parlamento.<\/p>\n\n\n\n<p>\u201cTem projetos importantes que estar\u00e3o tramitando no segundo semestre no Congresso e vamos ter que trabalhar junto com isso. N\u00e3o \u00e9 excludente, n\u00e3o vamos fazer o projeto depois da Previd\u00eancia ou de outro projeto, vamos apresentar no m\u00eas de agosto&#8221;, disse.<\/p>\n","protected":false},"excerpt":{"rendered":"<p>O ministro de Minas e Energia, Bento Albuquerque, disse hoje (18) que o modelo de capitaliza\u00e7\u00e3o da Eletrobras ser\u00e1 apresentado at\u00e9 o in\u00edcio de agosto.&hellip; <\/p>\n","protected":false},"author":1,"featured_media":105539,"comment_status":"closed","ping_status":"closed","sticky":false,"template":"","format":"standard","meta":{"sfsi_plus_gutenberg_text_before_share":"","sfsi_plus_gutenberg_show_text_before_share":"","sfsi_plus_gutenberg_icon_type":"","sfsi_plus_gutenberg_icon_alignemt":"","sfsi_plus_gutenburg_max_per_row":"","footnotes":""},"categories":[11],"tags":[],"class_list":["post-105538","post","type-post","status-publish","format-standard","has-post-thumbnail","hentry","category-politica"],"_links":{"self":[{"href":"https:\/\/www.caririemacao.com\/1\/wp-json\/wp\/v2\/posts\/105538","targetHints":{"allow":["GET"]}}],"collection":[{"href":"https:\/\/www.caririemacao.com\/1\/wp-json\/wp\/v2\/posts"}],"about":[{"href":"https:\/\/www.caririemacao.com\/1\/wp-json\/wp\/v2\/types\/post"}],"author":[{"embeddable":true,"href":"https:\/\/www.caririemacao.com\/1\/wp-json\/wp\/v2\/users\/1"}],"replies":[{"embeddable":true,"href":"https:\/\/www.caririemacao.com\/1\/wp-json\/wp\/v2\/comments?post=105538"}],"version-history":[{"count":1,"href":"https:\/\/www.caririemacao.com\/1\/wp-json\/wp\/v2\/posts\/105538\/revisions"}],"predecessor-version":[{"id":105540,"href":"https:\/\/www.caririemacao.com\/1\/wp-json\/wp\/v2\/posts\/105538\/revisions\/105540"}],"wp:featuredmedia":[{"embeddable":true,"href":"https:\/\/www.caririemacao.com\/1\/wp-json\/wp\/v2\/media\/105539"}],"wp:attachment":[{"href":"https:\/\/www.caririemacao.com\/1\/wp-json\/wp\/v2\/media?parent=105538"}],"wp:term":[{"taxonomy":"category","embeddable":true,"href":"https:\/\/www.caririemacao.com\/1\/wp-json\/wp\/v2\/categories?post=105538"},{"taxonomy":"post_tag","embeddable":true,"href":"https:\/\/www.caririemacao.com\/1\/wp-json\/wp\/v2\/tags?post=105538"}],"curies":[{"name":"wp","href":"https:\/\/api.w.org\/{rel}","templated":true}]}}