{"id":105543,"date":"2019-07-19T08:09:15","date_gmt":"2019-07-19T11:09:15","guid":{"rendered":"http:\/\/www.caririemacao.com\/1\/?p=105543"},"modified":"2019-07-19T08:09:15","modified_gmt":"2019-07-19T11:09:15","slug":"pedidos-de-refugio-aumentam-6-na-alemanha","status":"publish","type":"post","link":"https:\/\/www.caririemacao.com\/1\/2019\/07\/19\/pedidos-de-refugio-aumentam-6-na-alemanha\/","title":{"rendered":"Pedidos de ref\u00fagio aumentam 6% na Alemanha"},"content":{"rendered":"\n<p>&nbsp;n\u00famero de requerentes de ref\u00fagio na Alemanha aumentou 6% em 2018 em rela\u00e7\u00e3o ao ano anterior, chegando a 1,8 milh\u00e3o de pessoas, de acordo com os dados divulgados hoje (19) pelo Departamento Federal de Estat\u00edsticas da Alemanha (Destatis).<\/p>\n\n\n\n<p>Dos solicitantes de ref\u00fagio, 1,3 milh\u00e3o tiveram o pedido de prote\u00e7\u00e3o reconhecido pelo governo e receberam um visto de resid\u00eancia humanit\u00e1ria, a maioria (79%), por\u00e9m, \u00e9 tempor\u00e1ria.<\/p>\n\n\n\n<p>Os outros pedidos ainda est\u00e3o sendo analisados. Somente os pedidos concedidos j\u00e1 ultrapassam em 129 mil as solicita\u00e7\u00f5es aceitas em 2017.<\/p>\n\n\n\n<p>Segundo o Departamento alem\u00e3o de Registro de Estrangeiros, entre os requerentes de ref\u00fagio 101.600 pessoas procuravam prote\u00e7\u00e3o por raz\u00f5es humanit\u00e1rias. Esse n\u00famero \u00e9 5% maior do que o registrado no ano anterior.<\/p>\n\n\n\n<p>A maioria dos solicitantes de prote\u00e7\u00e3o (71%) foram para a Alemanha pela primeira vez durante os \u00faltimos cinco anos. Cidad\u00e3os da S\u00edria (526 mil), Iraque (138 mil) e Afeganist\u00e3o (131 mil) representam 62% dos requerentes de ref\u00fagio.<\/p>\n\n\n\n<h2 class=\"wp-block-heading\">Pedidos negados<\/h2>\n\n\n\n<p>O relat\u00f3rio mostrou ainda que 192 mil pedidos de ref\u00fagio foram negados pela Alemanha, um aumento de 15 mil em compara\u00e7\u00e3o com 2017.<\/p>\n\n\n\n<p>Entre os principais pa\u00edses de origem de solicitantes que tiveram o pedido negado est\u00e3o Afeganist\u00e3o (19 mil), Iraque (14 mil) e S\u00e9rvia (11 mil).<\/p>\n\n\n\n<p>Os dados indicaram tamb\u00e9m uma queda, pelo terceiro ano consecutivo, no n\u00famero de cidad\u00e3os dos pa\u00edses dos Balc\u00e3s que pediram ref\u00fagio na Alemanha, passando de 68 mil em 2015 para 42 mil em 2018.<\/p>\n","protected":false},"excerpt":{"rendered":"<p>&nbsp;n\u00famero de requerentes de ref\u00fagio na Alemanha aumentou 6% em 2018 em rela\u00e7\u00e3o ao ano anterior, chegando a 1,8 milh\u00e3o de pessoas, de acordo com&hellip; <\/p>\n","protected":false},"author":1,"featured_media":105544,"comment_status":"closed","ping_status":"closed","sticky":false,"template":"","format":"standard","meta":{"sfsi_plus_gutenberg_text_before_share":"","sfsi_plus_gutenberg_show_text_before_share":"","sfsi_plus_gutenberg_icon_type":"","sfsi_plus_gutenberg_icon_alignemt":"","sfsi_plus_gutenburg_max_per_row":"","footnotes":""},"categories":[2],"tags":[],"class_list":["post-105543","post","type-post","status-publish","format-standard","has-post-thumbnail","hentry","category-geral"],"_links":{"self":[{"href":"https:\/\/www.caririemacao.com\/1\/wp-json\/wp\/v2\/posts\/105543","targetHints":{"allow":["GET"]}}],"collection":[{"href":"https:\/\/www.caririemacao.com\/1\/wp-json\/wp\/v2\/posts"}],"about":[{"href":"https:\/\/www.caririemacao.com\/1\/wp-json\/wp\/v2\/types\/post"}],"author":[{"embeddable":true,"href":"https:\/\/www.caririemacao.com\/1\/wp-json\/wp\/v2\/users\/1"}],"replies":[{"embeddable":true,"href":"https:\/\/www.caririemacao.com\/1\/wp-json\/wp\/v2\/comments?post=105543"}],"version-history":[{"count":1,"href":"https:\/\/www.caririemacao.com\/1\/wp-json\/wp\/v2\/posts\/105543\/revisions"}],"predecessor-version":[{"id":105545,"href":"https:\/\/www.caririemacao.com\/1\/wp-json\/wp\/v2\/posts\/105543\/revisions\/105545"}],"wp:featuredmedia":[{"embeddable":true,"href":"https:\/\/www.caririemacao.com\/1\/wp-json\/wp\/v2\/media\/105544"}],"wp:attachment":[{"href":"https:\/\/www.caririemacao.com\/1\/wp-json\/wp\/v2\/media?parent=105543"}],"wp:term":[{"taxonomy":"category","embeddable":true,"href":"https:\/\/www.caririemacao.com\/1\/wp-json\/wp\/v2\/categories?post=105543"},{"taxonomy":"post_tag","embeddable":true,"href":"https:\/\/www.caririemacao.com\/1\/wp-json\/wp\/v2\/tags?post=105543"}],"curies":[{"name":"wp","href":"https:\/\/api.w.org\/{rel}","templated":true}]}}