{"id":105548,"date":"2019-07-19T08:20:37","date_gmt":"2019-07-19T11:20:37","guid":{"rendered":"http:\/\/www.caririemacao.com\/1\/?p=105548"},"modified":"2019-07-19T08:20:37","modified_gmt":"2019-07-19T11:20:37","slug":"diario-oficial-publica-lei-que-inclui-autismo-nos-censos-do-ibge","status":"publish","type":"post","link":"https:\/\/www.caririemacao.com\/1\/2019\/07\/19\/diario-oficial-publica-lei-que-inclui-autismo-nos-censos-do-ibge\/","title":{"rendered":"Di\u00e1rio Oficial publica lei que inclui autismo nos censos do IBGE"},"content":{"rendered":"\n<p><br>O&nbsp;<em>Di\u00e1rio Oficial da Uni\u00e3o<\/em>&nbsp;publica em sua edi\u00e7\u00e3o desta sexta-feira (19) a&nbsp;<a href=\"http:\/\/www.in.gov.br\/web\/dou\/-\/lei-n-13.861-de-18-de-julho-de-2019-198615077\" target=\"_blank\" rel=\"noreferrer noopener\">Lei n\u00ba 13.861\/2019<\/a>, sancionada nessa quinta-feira (18) pelo presidente da Rep\u00fablica, Jair Bolsonaro. Ela trata da inclus\u00e3o de informa\u00e7\u00f5es espec\u00edficas sobre pessoas com autismo, nos censos demogr\u00e1ficos realizados a partir deste ano pelo Instituto Brasileiro de Geografia e Estat\u00edstica (IBGE).<\/p>\n\n\n\n<p>&#8220;Atendendo \u00e0 necessidade da comunidade autista no Brasil e reconhecendo a import\u00e2ncia do tema, sancionamos hoje a Lei 13.861\/2019 que inclui dados espec\u00edficos sobre autismo no Censo do IBGE. Uma boa tarde a todos!&#8221;, escreveu o presidente da Rep\u00fablica, em sua conta no Twitter.<\/p>\n\n\n\n<p>A lei sancionada pelo presidente altera a Lei n\u00ba 7.853, de 24 de outubro de 1989, para incluir as especificidades inerentes ao transtorno do espectro autista nos censos demogr\u00e1ficos. Atualmente, n\u00e3o existem dados oficiais sobre as pessoas com transtorno do espectro autista (TEA) no Brasil.<\/p>\n\n\n\n<p>A expectativa inicial era que presidente vetasse o texto e tentasse incluir eventuais questionamentos sobre os autistas na Pesquisa Nacional por Amostra de Domic\u00edlios (PNAD). Pelo Twitter, Bolsonaro chegou a compartilhar, na semana passada, um v\u00eddeo da presidente do IBGE, Susana Guerra, em que ela defendia a inclus\u00e3o dos autistas na PNAD e n\u00e3o no censo demogr\u00e1fico.<\/p>\n\n\n\n<p>Os dois levantamentos s\u00e3o organizados pelo IBGE, mas o censo \u00e9 realizado a cada dez anos e apura a totalidade dos dados demogr\u00e1ficos. Nesta quinta-feira pela manh\u00e3, no Pal\u00e1cio do Alvorada, o presidente chegou a dizer, a um grupo de pessoas que pediam a san\u00e7\u00e3o do projeto, que seguiria a orienta\u00e7\u00e3o de sua equipe, favor\u00e1vel ao veto.<\/p>\n\n\n\n<p><strong>Autismo<\/strong><\/p>\n\n\n\n<p>O Transtorno do Espectro Autista resulta de uma desordem no desenvolvimento cerebral e engloba o autismo e a S\u00edndrome de Asperger, al\u00e9m de outros transtornos, que acarretam modifica\u00e7\u00f5es na capacidade de comunica\u00e7\u00e3o, na intera\u00e7\u00e3o social e no comportamento. A estimativa \u00e9 que existam 70 milh\u00f5es de pessoas no mundo com autismo, sendo 2 milh\u00f5es delas no Brasil.<\/p>\n","protected":false},"excerpt":{"rendered":"<p>O&nbsp;Di\u00e1rio Oficial da Uni\u00e3o&nbsp;publica em sua edi\u00e7\u00e3o desta sexta-feira (19) a&nbsp;Lei n\u00ba 13.861\/2019, sancionada nessa quinta-feira (18) pelo presidente da Rep\u00fablica, Jair Bolsonaro. Ela trata&hellip; <\/p>\n","protected":false},"author":1,"featured_media":101638,"comment_status":"closed","ping_status":"closed","sticky":false,"template":"","format":"standard","meta":{"sfsi_plus_gutenberg_text_before_share":"","sfsi_plus_gutenberg_show_text_before_share":"","sfsi_plus_gutenberg_icon_type":"","sfsi_plus_gutenberg_icon_alignemt":"","sfsi_plus_gutenburg_max_per_row":"","footnotes":""},"categories":[11],"tags":[],"class_list":["post-105548","post","type-post","status-publish","format-standard","has-post-thumbnail","hentry","category-politica"],"_links":{"self":[{"href":"https:\/\/www.caririemacao.com\/1\/wp-json\/wp\/v2\/posts\/105548","targetHints":{"allow":["GET"]}}],"collection":[{"href":"https:\/\/www.caririemacao.com\/1\/wp-json\/wp\/v2\/posts"}],"about":[{"href":"https:\/\/www.caririemacao.com\/1\/wp-json\/wp\/v2\/types\/post"}],"author":[{"embeddable":true,"href":"https:\/\/www.caririemacao.com\/1\/wp-json\/wp\/v2\/users\/1"}],"replies":[{"embeddable":true,"href":"https:\/\/www.caririemacao.com\/1\/wp-json\/wp\/v2\/comments?post=105548"}],"version-history":[{"count":1,"href":"https:\/\/www.caririemacao.com\/1\/wp-json\/wp\/v2\/posts\/105548\/revisions"}],"predecessor-version":[{"id":105549,"href":"https:\/\/www.caririemacao.com\/1\/wp-json\/wp\/v2\/posts\/105548\/revisions\/105549"}],"wp:featuredmedia":[{"embeddable":true,"href":"https:\/\/www.caririemacao.com\/1\/wp-json\/wp\/v2\/media\/101638"}],"wp:attachment":[{"href":"https:\/\/www.caririemacao.com\/1\/wp-json\/wp\/v2\/media?parent=105548"}],"wp:term":[{"taxonomy":"category","embeddable":true,"href":"https:\/\/www.caririemacao.com\/1\/wp-json\/wp\/v2\/categories?post=105548"},{"taxonomy":"post_tag","embeddable":true,"href":"https:\/\/www.caririemacao.com\/1\/wp-json\/wp\/v2\/tags?post=105548"}],"curies":[{"name":"wp","href":"https:\/\/api.w.org\/{rel}","templated":true}]}}