{"id":105571,"date":"2019-07-19T08:38:17","date_gmt":"2019-07-19T11:38:17","guid":{"rendered":"http:\/\/www.caririemacao.com\/1\/?p=105571"},"modified":"2019-07-19T08:38:17","modified_gmt":"2019-07-19T11:38:17","slug":"projeto-geotinta-do-campus-sume-realiza-oficina-no-nucleo-de-artesanato-da-universidade","status":"publish","type":"post","link":"https:\/\/www.caririemacao.com\/1\/2019\/07\/19\/projeto-geotinta-do-campus-sume-realiza-oficina-no-nucleo-de-artesanato-da-universidade\/","title":{"rendered":"Projeto Geotinta do campus Sum\u00e9 realiza oficina no N\u00facleo de Artesanato da Universidade"},"content":{"rendered":"\n<p>Integrantes do Projeto Geotinta, vinculado ao Programa de A\u00e7\u00f5es Sustent\u00e1veis para o Cariri (PASCAR) do Centro de Desenvolvimento Sustent\u00e1vel do Semi\u00e1rido\/campus Sum\u00e9 da UFCG, realizaram oficina de Geotinta na programa\u00e7\u00e3o de cursos de f\u00e9rias do N\u00facleo de Artesanato (NART) da UFCG, campus sede.<\/p>\n\n\n\n<p>\u201cAs a\u00e7\u00f5es de pintura com tinta a base de solo [geotinta] s\u00e3o uma importante estrat\u00e9gia para disseminar conceitos sobre este recurso natural ainda pouco conhecido pela maioria da popula\u00e7\u00e3o\u201d, disse a coordenadora do projeto, professora Adriana Meira.<\/p>\n\n\n\n<p>De acordo com a professora, o projeto foi iniciado em 2012 e segue com suas atividades que t\u00eam como objetivo promover a troca de conhecimento entre as pessoas e incentivar posturas proativas de uso do solo, al\u00e9m de propor atividades de socializa\u00e7\u00e3o e valoriza\u00e7\u00e3o das potencialidades do solo, como base para agregar valor \u00e0s pe\u00e7as, gerando trabalho e renda de forma sustent\u00e1vel.<\/p>\n\n\n\n<p>A oficina foi ministrada pela professora Adriana Meira e pelos monitores Ivson Sousa e J\u00e9ssica Mota e aconteceram na \u00faltima sexta feira (12\/07) no NART-UFCG em Campina Grande, a convite do pr\u00f3-reitor de Pesquisa e Extens\u00e3o, professor Onireves Monteiro e da t\u00e9cnica-administrativa J\u00falia Carla de Queiroz, coordenadora do NART.<\/p>\n\n\n\n<p>Participaram da atividade 15 artes\u00e3os e foram pintadas diversas telhas, com as tintas de terra do banco de cores de solo do Ateli\u00ea da Geotinta (Espa\u00e7o de Educa\u00e7\u00e3o em Solos \u2013 CDSA\/UFCG).<\/p>\n","protected":false},"excerpt":{"rendered":"<p>Integrantes do Projeto Geotinta, vinculado ao Programa de A\u00e7\u00f5es Sustent\u00e1veis para o Cariri (PASCAR) do Centro de Desenvolvimento Sustent\u00e1vel do Semi\u00e1rido\/campus Sum\u00e9 da UFCG, realizaram&hellip; <\/p>\n","protected":false},"author":1,"featured_media":105572,"comment_status":"closed","ping_status":"closed","sticky":false,"template":"","format":"standard","meta":{"sfsi_plus_gutenberg_text_before_share":"","sfsi_plus_gutenberg_show_text_before_share":"","sfsi_plus_gutenberg_icon_type":"","sfsi_plus_gutenberg_icon_alignemt":"","sfsi_plus_gutenburg_max_per_row":"","footnotes":""},"categories":[2],"tags":[],"class_list":["post-105571","post","type-post","status-publish","format-standard","has-post-thumbnail","hentry","category-geral"],"_links":{"self":[{"href":"https:\/\/www.caririemacao.com\/1\/wp-json\/wp\/v2\/posts\/105571","targetHints":{"allow":["GET"]}}],"collection":[{"href":"https:\/\/www.caririemacao.com\/1\/wp-json\/wp\/v2\/posts"}],"about":[{"href":"https:\/\/www.caririemacao.com\/1\/wp-json\/wp\/v2\/types\/post"}],"author":[{"embeddable":true,"href":"https:\/\/www.caririemacao.com\/1\/wp-json\/wp\/v2\/users\/1"}],"replies":[{"embeddable":true,"href":"https:\/\/www.caririemacao.com\/1\/wp-json\/wp\/v2\/comments?post=105571"}],"version-history":[{"count":1,"href":"https:\/\/www.caririemacao.com\/1\/wp-json\/wp\/v2\/posts\/105571\/revisions"}],"predecessor-version":[{"id":105573,"href":"https:\/\/www.caririemacao.com\/1\/wp-json\/wp\/v2\/posts\/105571\/revisions\/105573"}],"wp:featuredmedia":[{"embeddable":true,"href":"https:\/\/www.caririemacao.com\/1\/wp-json\/wp\/v2\/media\/105572"}],"wp:attachment":[{"href":"https:\/\/www.caririemacao.com\/1\/wp-json\/wp\/v2\/media?parent=105571"}],"wp:term":[{"taxonomy":"category","embeddable":true,"href":"https:\/\/www.caririemacao.com\/1\/wp-json\/wp\/v2\/categories?post=105571"},{"taxonomy":"post_tag","embeddable":true,"href":"https:\/\/www.caririemacao.com\/1\/wp-json\/wp\/v2\/tags?post=105571"}],"curies":[{"name":"wp","href":"https:\/\/api.w.org\/{rel}","templated":true}]}}