{"id":105598,"date":"2019-07-19T09:51:44","date_gmt":"2019-07-19T12:51:44","guid":{"rendered":"http:\/\/www.caririemacao.com\/1\/?p=105598"},"modified":"2019-07-19T09:51:44","modified_gmt":"2019-07-19T12:51:44","slug":"artrose-e-associada-a-um-maior-risco-de-morte-por-doenca-cardiaca","status":"publish","type":"post","link":"https:\/\/www.caririemacao.com\/1\/2019\/07\/19\/artrose-e-associada-a-um-maior-risco-de-morte-por-doenca-cardiaca\/","title":{"rendered":"Artrose \u00e9 associada a um maior risco de morte por doen\u00e7a card\u00edaca"},"content":{"rendered":"\n<p>Artrose no quadril ou no joelho foi associada a um maior risco de morte por doen\u00e7a card\u00edaca, segundo um estudo realizado na Universidade de Lund, na Su\u00e9cia, publicado no peri\u00f3dico <em>Osteoartrite e Cartilagem.<\/em><\/p>\n\n\n\n<p>A artrose \u00e9 uma doen\u00e7a dolorosa degenerativa da cartilagem articular e dos ossos que progride com a idade, atingindo principalmente mulheres ap\u00f3s os 60 anos, segundo o Centro de Controle e Preven\u00e7\u00e3o de Doen\u00e7as (CDC) do governo do Estados Unidos.<\/p>\n\n\n\n<p>Foram analisados 469.177 estudantes no sul da Su\u00e9cia entre 2003 e 2014, com idade entre 45 e 84 anos. Ap\u00f3s o acompanhamento, os pesquisadores identificaram 15.901 pacientes com artrose no joelho, sendo 41% homens com idade m\u00e9dia de 67 anos, 9.347 no quadril, 4.004 na m\u00e3o e 5.447 em outras articula\u00e7\u00f5es.<\/p>\n\n\n\n<p>Ao analisarem as causas de morte, eles observaram que as pessoas com artrose no quadril ou no joelho eram 20% mais propensas do que o resto da popula\u00e7\u00e3o a morrer de doen\u00e7a card\u00edaca cr\u00f4nica ou insufici\u00eancia card\u00edaca. O risco aumentou com a dura\u00e7\u00e3o da doen\u00e7a e foi mais aparente ap\u00f3s 9 anos da patologia.<br><\/p>\n\n\n\n<p>O principal autor do estudo, Martin Englund, que \u00e9 professor da Universidade de Lund afirmou ao&nbsp;<em>The New York Times,&nbsp;<\/em>que a descoberta do estudo faz sentido. &#8220;Quando voc\u00ea tem dor, fica inativo e essa inatividade, junto com a obesidade, aumenta o risco de doen\u00e7a cardiovascular&#8221;.<\/p>\n\n\n\n<p>Ele ressaltou ainda que quem tem artrose tem de reaprender a se mover. &#8220;O exerc\u00edcio \u00e9 muito importante no tratamento dessa doen\u00e7a&#8221;.<\/p>\n\n\n\n<p>A queda de temperatura agrada a alguns e aborrece a outros. Um dos motivos \u00e9 o que frio piora muitas dores. De acordo com o neurologista Claudio Correia, especialista em dor cr\u00f4nica do Hospital Nove de Julho, em S\u00e3o Paulo, mudan\u00e7as de tempo, seja eleva\u00e7\u00e3o ou queda de temperatura, chuva ou falta de umidade, refletem em inc\u00f4modos em pessoas com dor cr\u00f4nica, mas o frio \u00e9 o l\u00edder nesse quesito<br><\/p>\n","protected":false},"excerpt":{"rendered":"<p>Artrose no quadril ou no joelho foi associada a um maior risco de morte por doen\u00e7a card\u00edaca, segundo um estudo realizado na Universidade de Lund,&hellip; <\/p>\n","protected":false},"author":1,"featured_media":105599,"comment_status":"closed","ping_status":"closed","sticky":false,"template":"","format":"standard","meta":{"sfsi_plus_gutenberg_text_before_share":"","sfsi_plus_gutenberg_show_text_before_share":"","sfsi_plus_gutenberg_icon_type":"","sfsi_plus_gutenberg_icon_alignemt":"","sfsi_plus_gutenburg_max_per_row":"","footnotes":""},"categories":[16],"tags":[],"class_list":["post-105598","post","type-post","status-publish","format-standard","has-post-thumbnail","hentry","category-saude"],"_links":{"self":[{"href":"https:\/\/www.caririemacao.com\/1\/wp-json\/wp\/v2\/posts\/105598","targetHints":{"allow":["GET"]}}],"collection":[{"href":"https:\/\/www.caririemacao.com\/1\/wp-json\/wp\/v2\/posts"}],"about":[{"href":"https:\/\/www.caririemacao.com\/1\/wp-json\/wp\/v2\/types\/post"}],"author":[{"embeddable":true,"href":"https:\/\/www.caririemacao.com\/1\/wp-json\/wp\/v2\/users\/1"}],"replies":[{"embeddable":true,"href":"https:\/\/www.caririemacao.com\/1\/wp-json\/wp\/v2\/comments?post=105598"}],"version-history":[{"count":1,"href":"https:\/\/www.caririemacao.com\/1\/wp-json\/wp\/v2\/posts\/105598\/revisions"}],"predecessor-version":[{"id":105600,"href":"https:\/\/www.caririemacao.com\/1\/wp-json\/wp\/v2\/posts\/105598\/revisions\/105600"}],"wp:featuredmedia":[{"embeddable":true,"href":"https:\/\/www.caririemacao.com\/1\/wp-json\/wp\/v2\/media\/105599"}],"wp:attachment":[{"href":"https:\/\/www.caririemacao.com\/1\/wp-json\/wp\/v2\/media?parent=105598"}],"wp:term":[{"taxonomy":"category","embeddable":true,"href":"https:\/\/www.caririemacao.com\/1\/wp-json\/wp\/v2\/categories?post=105598"},{"taxonomy":"post_tag","embeddable":true,"href":"https:\/\/www.caririemacao.com\/1\/wp-json\/wp\/v2\/tags?post=105598"}],"curies":[{"name":"wp","href":"https:\/\/api.w.org\/{rel}","templated":true}]}}