{"id":105610,"date":"2019-07-19T10:09:26","date_gmt":"2019-07-19T13:09:26","guid":{"rendered":"http:\/\/www.caririemacao.com\/1\/?p=105610"},"modified":"2019-07-19T10:09:26","modified_gmt":"2019-07-19T13:09:26","slug":"procon-notifica-faceapp-apple-e-google","status":"publish","type":"post","link":"https:\/\/www.caririemacao.com\/1\/2019\/07\/19\/procon-notifica-faceapp-apple-e-google\/","title":{"rendered":"Procon notifica FaceApp, Apple e Google"},"content":{"rendered":"\n<p>A Funda\u00e7\u00e3o Procon de S\u00e3o Paulo notificou&nbsp;hoje&nbsp;(18) o aplicativo FaceApp e as empresas Apple e Google, propriet\u00e1rias das lojas virtuais que disponibilizam o aplicativo. De acordo com o Procon, as empresas dever\u00e3o esclarecer a a pol\u00edticas de coleta, armazenamento e uso dos dados dos consumidores que utilizam o aplicativo de celular.<\/p>\n\n\n\n<p>\u201cInforma\u00e7\u00f5es divulgadas na imprensa afirmam que a licen\u00e7a para uso do aplicativo cont\u00e9m cl\u00e1usula que autoriza a empresa a coletar e compartilhar imagens e dados do consumidor, sem explicar de que forma, por quanto tempo e como ser\u00e3o usados. E ainda, essas permiss\u00f5es n\u00e3o est\u00e3o dispon\u00edveis em l\u00edngua portuguesa\u201d, destacou a entidade em nota.<\/p>\n\n\n\n<p>O FaceApp, dispon\u00edvel nas lojas de aplicativos Play Store (para o sistema operacional Android, da Google) e Apple Store (para o sistema operacional iOS), virou febre nas redes sociais. O aplicativo faz edi\u00e7\u00e3o e aplica\u00e7\u00e3o de filtros em imagens, como a simula\u00e7\u00e3o das faces em idades mais avan\u00e7adas ou em outros g\u00eaneros.&nbsp;<\/p>\n\n\n\n<p>O programa \u00e9 anunciado como uma ferramenta para melhorar fotos e criar simula\u00e7\u00f5es por meio de filtros. Especialistas apontam que&nbsp;<a href=\"http:\/\/agenciabrasil.ebc.com.br\/geral\/noticia\/2019-07\/aplicativo-faceapp-pode-abrir-porta-para-abusos-com-dados-dos-usuarios\" target=\"_blank\" rel=\"noreferrer noopener\">o aplicativo pode trazer uma s\u00e9rie de riscos \u00e0 privacidade do usu\u00e1rio<\/a>&nbsp;e viola a legisla\u00e7\u00e3o brasileira ao afirmar que poder\u00e1 ser regido por leis de outros pa\u00edses.<\/p>\n","protected":false},"excerpt":{"rendered":"<p>A Funda\u00e7\u00e3o Procon de S\u00e3o Paulo notificou&nbsp;hoje&nbsp;(18) o aplicativo FaceApp e as empresas Apple e Google, propriet\u00e1rias das lojas virtuais que disponibilizam o aplicativo. De&hellip; <\/p>\n","protected":false},"author":1,"featured_media":55321,"comment_status":"closed","ping_status":"closed","sticky":false,"template":"","format":"standard","meta":{"sfsi_plus_gutenberg_text_before_share":"","sfsi_plus_gutenberg_show_text_before_share":"","sfsi_plus_gutenberg_icon_type":"","sfsi_plus_gutenberg_icon_alignemt":"","sfsi_plus_gutenburg_max_per_row":"","footnotes":""},"categories":[2],"tags":[],"class_list":["post-105610","post","type-post","status-publish","format-standard","has-post-thumbnail","hentry","category-geral"],"_links":{"self":[{"href":"https:\/\/www.caririemacao.com\/1\/wp-json\/wp\/v2\/posts\/105610","targetHints":{"allow":["GET"]}}],"collection":[{"href":"https:\/\/www.caririemacao.com\/1\/wp-json\/wp\/v2\/posts"}],"about":[{"href":"https:\/\/www.caririemacao.com\/1\/wp-json\/wp\/v2\/types\/post"}],"author":[{"embeddable":true,"href":"https:\/\/www.caririemacao.com\/1\/wp-json\/wp\/v2\/users\/1"}],"replies":[{"embeddable":true,"href":"https:\/\/www.caririemacao.com\/1\/wp-json\/wp\/v2\/comments?post=105610"}],"version-history":[{"count":1,"href":"https:\/\/www.caririemacao.com\/1\/wp-json\/wp\/v2\/posts\/105610\/revisions"}],"predecessor-version":[{"id":105611,"href":"https:\/\/www.caririemacao.com\/1\/wp-json\/wp\/v2\/posts\/105610\/revisions\/105611"}],"wp:featuredmedia":[{"embeddable":true,"href":"https:\/\/www.caririemacao.com\/1\/wp-json\/wp\/v2\/media\/55321"}],"wp:attachment":[{"href":"https:\/\/www.caririemacao.com\/1\/wp-json\/wp\/v2\/media?parent=105610"}],"wp:term":[{"taxonomy":"category","embeddable":true,"href":"https:\/\/www.caririemacao.com\/1\/wp-json\/wp\/v2\/categories?post=105610"},{"taxonomy":"post_tag","embeddable":true,"href":"https:\/\/www.caririemacao.com\/1\/wp-json\/wp\/v2\/tags?post=105610"}],"curies":[{"name":"wp","href":"https:\/\/api.w.org\/{rel}","templated":true}]}}