{"id":105636,"date":"2019-07-19T11:15:07","date_gmt":"2019-07-19T14:15:07","guid":{"rendered":"http:\/\/www.caririemacao.com\/1\/?p=105636"},"modified":"2019-07-19T11:15:07","modified_gmt":"2019-07-19T14:15:07","slug":"bolsonaro-diz-que-governo-nao-vai-criar-novos-impostos","status":"publish","type":"post","link":"https:\/\/www.caririemacao.com\/1\/2019\/07\/19\/bolsonaro-diz-que-governo-nao-vai-criar-novos-impostos\/","title":{"rendered":"Bolsonaro diz que governo n\u00e3o vai criar novos impostos"},"content":{"rendered":"\n<p>&nbsp;presidente Jair Bolsonaro disse hoje (19) que o governo n\u00e3o vai criar novos impostos e destacou que Contribui\u00e7\u00e3o Provis\u00f3ria sobre Movimenta\u00e7\u00e3o Financeira (CPMF) n\u00e3o ser\u00e1 recriada. Ele deu a declara\u00e7\u00e3o em caf\u00e9 da manh\u00e3 com jornalistas de ag\u00eancias internacionais no Pal\u00e1cio do Planalto.<\/p>\n\n\n\n<p>\u201cN\u00e3o criaremos nenhum novo imposto. A reforma [tribut\u00e1ria] que est\u00e1 tramitando l\u00e1 \u00e9 do Parlamento, n\u00e3o \u00e9 nossa. Conforme explanado na \u00faltima reuni\u00e3o de ministros, n\u00f3s queremos fazer uma reforma tribut\u00e1ria e mexer com os impostos federais apenas. Ao longo dos meus 28 anos como deputado, quiseram fazer uma reforma que envolvesse Uni\u00e3o, estados e munic\u00edpios. N\u00e3o d\u00e1 certo\u201d, afirmou.<\/p>\n\n\n\n<p>Segundo ele, a equipe econ\u00f4mica do ministro Paulo Guedes est\u00e1 convencida de analisar apenas os tributos federais. \u201cQueremos simplificar os tributos federais e n\u00e3o criando nenhum novo imposto. Voc\u00ea pode fundir v\u00e1rios impostos e eu acho que \u00e9 isso que vai acontecer. CPMF de volta, n\u00e3o\u201d.<\/p>\n\n\n\n<p>Atualmente, duas propostas de reforma tribut\u00e1ria tramitam no Congresso. Na C\u00e2mara dos Deputados, a&nbsp;<a href=\"http:\/\/agenciabrasil.ebc.com.br\/economia\/noticia\/2019-07\/propostas-de-reforma-tributaria-sao-convergentes-diz-guedes\" target=\"_blank\" rel=\"noreferrer noopener\">comiss\u00e3o especial para discutir a reforma<\/a>apresentada pelo deputado Baleia Rossi (MDB-SP) foi instalada na semana passada. Paralelamente, o Senado apresentou uma proposta de emenda \u00e0 Constitui\u00e7\u00e3o (PEC) com base em um texto que tramita na Casa desde 2004.<\/p>\n\n\n\n<p>Preparada pelo economista Bernard Appy, a proposta da C\u00e2mara unifica tributos sobre a produ\u00e7\u00e3o e o consumo arrecadados por Uni\u00e3o, estados e munic\u00edpios e cria outro imposto sobre bens e servi\u00e7os espec\u00edficos, cujas receitas ficar\u00e3o apenas com o governo federal.<\/p>\n\n\n\n<p>A proposta do Senado cria um imposto sobre o valor agregado de compet\u00eancia estadual, chamado de Imposto sobre Opera\u00e7\u00f5es com Bens e Servi\u00e7os (IBS), e o Imposto Seletivo, sobre bens e servi\u00e7os espec\u00edficos, de compet\u00eancia federal.<\/p>\n","protected":false},"excerpt":{"rendered":"<p>&nbsp;presidente Jair Bolsonaro disse hoje (19) que o governo n\u00e3o vai criar novos impostos e destacou que Contribui\u00e7\u00e3o Provis\u00f3ria sobre Movimenta\u00e7\u00e3o Financeira (CPMF) n\u00e3o ser\u00e1&hellip; <\/p>\n","protected":false},"author":1,"featured_media":105639,"comment_status":"closed","ping_status":"closed","sticky":false,"template":"","format":"standard","meta":{"sfsi_plus_gutenberg_text_before_share":"","sfsi_plus_gutenberg_show_text_before_share":"","sfsi_plus_gutenberg_icon_type":"","sfsi_plus_gutenberg_icon_alignemt":"","sfsi_plus_gutenburg_max_per_row":"","footnotes":""},"categories":[11],"tags":[],"class_list":["post-105636","post","type-post","status-publish","format-standard","has-post-thumbnail","hentry","category-politica"],"_links":{"self":[{"href":"https:\/\/www.caririemacao.com\/1\/wp-json\/wp\/v2\/posts\/105636","targetHints":{"allow":["GET"]}}],"collection":[{"href":"https:\/\/www.caririemacao.com\/1\/wp-json\/wp\/v2\/posts"}],"about":[{"href":"https:\/\/www.caririemacao.com\/1\/wp-json\/wp\/v2\/types\/post"}],"author":[{"embeddable":true,"href":"https:\/\/www.caririemacao.com\/1\/wp-json\/wp\/v2\/users\/1"}],"replies":[{"embeddable":true,"href":"https:\/\/www.caririemacao.com\/1\/wp-json\/wp\/v2\/comments?post=105636"}],"version-history":[{"count":1,"href":"https:\/\/www.caririemacao.com\/1\/wp-json\/wp\/v2\/posts\/105636\/revisions"}],"predecessor-version":[{"id":105640,"href":"https:\/\/www.caririemacao.com\/1\/wp-json\/wp\/v2\/posts\/105636\/revisions\/105640"}],"wp:featuredmedia":[{"embeddable":true,"href":"https:\/\/www.caririemacao.com\/1\/wp-json\/wp\/v2\/media\/105639"}],"wp:attachment":[{"href":"https:\/\/www.caririemacao.com\/1\/wp-json\/wp\/v2\/media?parent=105636"}],"wp:term":[{"taxonomy":"category","embeddable":true,"href":"https:\/\/www.caririemacao.com\/1\/wp-json\/wp\/v2\/categories?post=105636"},{"taxonomy":"post_tag","embeddable":true,"href":"https:\/\/www.caririemacao.com\/1\/wp-json\/wp\/v2\/tags?post=105636"}],"curies":[{"name":"wp","href":"https:\/\/api.w.org\/{rel}","templated":true}]}}