{"id":105644,"date":"2019-07-19T11:17:38","date_gmt":"2019-07-19T14:17:38","guid":{"rendered":"http:\/\/www.caririemacao.com\/1\/?p=105644"},"modified":"2019-07-19T11:17:38","modified_gmt":"2019-07-19T14:17:38","slug":"gabriel-medina-e-campeao-da-etapa-sul-africana-do-mundial-de-surfe","status":"publish","type":"post","link":"https:\/\/www.caririemacao.com\/1\/2019\/07\/19\/gabriel-medina-e-campeao-da-etapa-sul-africana-do-mundial-de-surfe\/","title":{"rendered":"Gabriel Medina \u00e9 campe\u00e3o da etapa sul-africana do mundial de surfe"},"content":{"rendered":"\n<p>Em uma final brasileira hoje (19) na Praia de Supertubes, em Jeffreys Bay, na \u00c1frica do Sul, Gabriel Medina conseguiu seu primeiro t\u00edtulo no circuito mundial de surfe deste ano. Com notas 9,77 e 9,73, Medina superou o compatriota \u00cdtalo Ferreira e venceu a Corona Open J-Bay, a sexta de onze etapas do mundial.<\/p>\n\n\n\n<p>Com o t\u00edtulo, Medina subiu da oitava para a s\u00e9tima posi\u00e7\u00e3o no&nbsp;<em>ranking<\/em>&nbsp;mundial, com 26.895 pontos, ultrapassando o norte-americano Kelly Slater. Apesar da vit\u00f3ria, Medina ainda est\u00e1 fora da zona de classifica\u00e7\u00e3o para os Jogos Ol\u00edmpicos de T\u00f3quio 2020.<\/p>\n\n\n\n<p>Para se classificar para a olimp\u00edada, \u00e9 preciso n\u00e3o s\u00f3 ficar entre os dez primeiros colocados do circuito, como tamb\u00e9m ser um dos dois brasileiros mais bem posicionados, porque cada pa\u00eds s\u00f3 pode classificar dois atletas por categoria.<\/p>\n\n\n\n<p>\u00c0 frente de Medina, est\u00e3o os brasileiros Filipe Toledo, que terminou em terceiro na etapa de J-Bay e est\u00e1 em segundo colocado no mundial, com 33.280 pontos, e o vice-campe\u00e3o da etapa, \u00cdtalo Ferreira, em quarto com 29.950.<\/p>\n\n\n\n<p>Al\u00e9m da vaga para T\u00f3quio, Medina busca seu terceiro t\u00edtulo mundial. Ele foi campe\u00e3o em 2014 e 2018. A classifica\u00e7\u00e3o do circuito mundial de surfe deste ano \u00e9 liderado pelo norte-americano Kolohe Andino, com 33.845 pontos. A pr\u00f3xima etapa ser\u00e1 disputada em Teahupo\u2019o, no Taiti, entre 21 de agosto e 1\u00ba de setembro.<\/p>\n\n\n\n<h2 class=\"wp-block-heading\">Mulheres<\/h2>\n\n\n\n<p>No feminino, as duas brasileiras, Silvana Lima e Tatiana Weston-Webb, foram eliminadas nas oitavas de final. Com o resultado, Tatiana caiu da s\u00e9tima para a oitava posi\u00e7\u00e3o no mundial, com 25.120 pontos, mas ainda est\u00e1 dentro da zona de classifica\u00e7\u00e3o para T\u00f3quio 2020, j\u00e1 que as oito melhores entram na olimp\u00edada.<\/p>\n\n\n\n<p>Tatiana est\u00e1 \u00e0 frente da costarriquenha Brisa Hennessy, que tem 21.840 pontos. J\u00e1 Silvana Lima subiu da 14\u00aa para a 13\u00aa posi\u00e7\u00e3o na nking, com 16.800 pontos.&nbsp; O mundial feminino \u00e9 agora liderado pela havaiana Carissa Moore, que conquistou o t\u00edtulo da etapa de J-Bay, e est\u00e1 com 41.175 pontos.<\/p>\n","protected":false},"excerpt":{"rendered":"<p>Em uma final brasileira hoje (19) na Praia de Supertubes, em Jeffreys Bay, na \u00c1frica do Sul, Gabriel Medina conseguiu seu primeiro t\u00edtulo no circuito&hellip; <\/p>\n","protected":false},"author":1,"featured_media":105646,"comment_status":"closed","ping_status":"closed","sticky":false,"template":"","format":"standard","meta":{"sfsi_plus_gutenberg_text_before_share":"","sfsi_plus_gutenberg_show_text_before_share":"","sfsi_plus_gutenberg_icon_type":"","sfsi_plus_gutenberg_icon_alignemt":"","sfsi_plus_gutenburg_max_per_row":"","footnotes":""},"categories":[13],"tags":[],"class_list":["post-105644","post","type-post","status-publish","format-standard","has-post-thumbnail","hentry","category-esportes"],"_links":{"self":[{"href":"https:\/\/www.caririemacao.com\/1\/wp-json\/wp\/v2\/posts\/105644","targetHints":{"allow":["GET"]}}],"collection":[{"href":"https:\/\/www.caririemacao.com\/1\/wp-json\/wp\/v2\/posts"}],"about":[{"href":"https:\/\/www.caririemacao.com\/1\/wp-json\/wp\/v2\/types\/post"}],"author":[{"embeddable":true,"href":"https:\/\/www.caririemacao.com\/1\/wp-json\/wp\/v2\/users\/1"}],"replies":[{"embeddable":true,"href":"https:\/\/www.caririemacao.com\/1\/wp-json\/wp\/v2\/comments?post=105644"}],"version-history":[{"count":1,"href":"https:\/\/www.caririemacao.com\/1\/wp-json\/wp\/v2\/posts\/105644\/revisions"}],"predecessor-version":[{"id":105647,"href":"https:\/\/www.caririemacao.com\/1\/wp-json\/wp\/v2\/posts\/105644\/revisions\/105647"}],"wp:featuredmedia":[{"embeddable":true,"href":"https:\/\/www.caririemacao.com\/1\/wp-json\/wp\/v2\/media\/105646"}],"wp:attachment":[{"href":"https:\/\/www.caririemacao.com\/1\/wp-json\/wp\/v2\/media?parent=105644"}],"wp:term":[{"taxonomy":"category","embeddable":true,"href":"https:\/\/www.caririemacao.com\/1\/wp-json\/wp\/v2\/categories?post=105644"},{"taxonomy":"post_tag","embeddable":true,"href":"https:\/\/www.caririemacao.com\/1\/wp-json\/wp\/v2\/tags?post=105644"}],"curies":[{"name":"wp","href":"https:\/\/api.w.org\/{rel}","templated":true}]}}