{"id":105659,"date":"2019-07-19T13:08:37","date_gmt":"2019-07-19T16:08:37","guid":{"rendered":"http:\/\/www.caririemacao.com\/1\/?p=105659"},"modified":"2019-07-19T13:24:17","modified_gmt":"2019-07-19T16:24:17","slug":"prefeitura-de-camalau-abre-processo-seletivo-para-39-vagas-confira-edital","status":"publish","type":"post","link":"https:\/\/www.caririemacao.com\/1\/2019\/07\/19\/prefeitura-de-camalau-abre-processo-seletivo-para-39-vagas-confira-edital\/","title":{"rendered":"Prefeitura de Camala\u00fa abre Processo Seletivo para 39 vagas; Confira Edital"},"content":{"rendered":"\n<p>A Prefeitura Municipal de Camala\u00fa, visando atender as necessidade\nde servi\u00e7o tempor\u00e1rio e excepcional, por meio de sua Comiss\u00e3o Especial do\nProcesso Seletivo Simplificado, torna p\u00fablica o edital para a realiza\u00e7\u00e3o do\nProcesso Seletivo Simplificado para contrata\u00e7\u00e3o de pessoal, por tempo\ndeterminado, em regime especial de Direito Administrativo com 39 vagas.<\/p>\n\n\n\n<p>O prazo de validade do Processo Seletivo Simplificado ser\u00e1\nde 06 (seis) meses, contado da data da Homologa\u00e7\u00e3o do seu Resultado Final,\npodendo ser prorrogado uma \u00fanica vez por igual per\u00edodo. <\/p>\n\n\n\n<p>Segundo o edital, o Processo Seletivo Simplificado ser\u00e1\nconstitu\u00eddo pela Etapa \u00danica da An\u00e1lise Curricular, eliminat\u00f3ria e\nclassificat\u00f3ria, aplicada a todas as Fun\u00e7\u00f5es Tempor\u00e1rias.<\/p>\n\n\n\n<p>No edital abaixo, consta a vaga para ACS, assistente social, auxiliar de consult\u00f3rio dent\u00e1rio, farmac\u00eautico \u2013 bioqu\u00edmico, m\u00e9dico, m\u00e9dico veterin\u00e1rio, motorista, odont\u00f3logo, professor, psic\u00f3logo, e v\u00e1rias outras profissionais.<\/p>\n\n\n\n<p><a href=\"http:\/\/camalau.pb.gov.br\/images\/arquivos\/documentos\/1563456922.pdf\">EDITAL.<\/a><\/p>\n\n\n\n<p><\/p>\n","protected":false},"excerpt":{"rendered":"<p>A Prefeitura Municipal de Camala\u00fa, visando atender as necessidade de servi\u00e7o tempor\u00e1rio e excepcional, por meio de sua Comiss\u00e3o Especial do Processo Seletivo Simplificado, torna&hellip; <\/p>\n","protected":false},"author":2,"featured_media":42242,"comment_status":"closed","ping_status":"closed","sticky":false,"template":"","format":"standard","meta":{"sfsi_plus_gutenberg_text_before_share":"","sfsi_plus_gutenberg_show_text_before_share":"","sfsi_plus_gutenberg_icon_type":"","sfsi_plus_gutenberg_icon_alignemt":"","sfsi_plus_gutenburg_max_per_row":"","footnotes":""},"categories":[6,50],"tags":[],"class_list":["post-105659","post","type-post","status-publish","format-standard","has-post-thumbnail","hentry","category-cidades","category-destaque"],"_links":{"self":[{"href":"https:\/\/www.caririemacao.com\/1\/wp-json\/wp\/v2\/posts\/105659","targetHints":{"allow":["GET"]}}],"collection":[{"href":"https:\/\/www.caririemacao.com\/1\/wp-json\/wp\/v2\/posts"}],"about":[{"href":"https:\/\/www.caririemacao.com\/1\/wp-json\/wp\/v2\/types\/post"}],"author":[{"embeddable":true,"href":"https:\/\/www.caririemacao.com\/1\/wp-json\/wp\/v2\/users\/2"}],"replies":[{"embeddable":true,"href":"https:\/\/www.caririemacao.com\/1\/wp-json\/wp\/v2\/comments?post=105659"}],"version-history":[{"count":3,"href":"https:\/\/www.caririemacao.com\/1\/wp-json\/wp\/v2\/posts\/105659\/revisions"}],"predecessor-version":[{"id":105672,"href":"https:\/\/www.caririemacao.com\/1\/wp-json\/wp\/v2\/posts\/105659\/revisions\/105672"}],"wp:featuredmedia":[{"embeddable":true,"href":"https:\/\/www.caririemacao.com\/1\/wp-json\/wp\/v2\/media\/42242"}],"wp:attachment":[{"href":"https:\/\/www.caririemacao.com\/1\/wp-json\/wp\/v2\/media?parent=105659"}],"wp:term":[{"taxonomy":"category","embeddable":true,"href":"https:\/\/www.caririemacao.com\/1\/wp-json\/wp\/v2\/categories?post=105659"},{"taxonomy":"post_tag","embeddable":true,"href":"https:\/\/www.caririemacao.com\/1\/wp-json\/wp\/v2\/tags?post=105659"}],"curies":[{"name":"wp","href":"https:\/\/api.w.org\/{rel}","templated":true}]}}