{"id":105673,"date":"2019-07-19T14:17:47","date_gmt":"2019-07-19T17:17:47","guid":{"rendered":"http:\/\/www.caririemacao.com\/1\/?p=105673"},"modified":"2019-07-19T14:17:47","modified_gmt":"2019-07-19T17:17:47","slug":"passar-fome-no-brasil-e-uma-grande-mentira-diz-bolsonaro","status":"publish","type":"post","link":"https:\/\/www.caririemacao.com\/1\/2019\/07\/19\/passar-fome-no-brasil-e-uma-grande-mentira-diz-bolsonaro\/","title":{"rendered":"&#8216;Passar fome no Brasil \u00e9 uma grande mentira&#8217;, diz Bolsonaro"},"content":{"rendered":"\n<p>presidente Jair Bolsonaro disse, na manh\u00e3 desta sexta-feira, que n\u00e3o h\u00e1 fome no Brasil. Durante caf\u00e9 da manh\u00e3 com correspondes de jornais estrangeiros, o chefe do Planalto destacou que &#8220;n\u00e3o se v\u00ea gente, mesmo pobre, pelas ruas, com f\u00edsico esquel\u00e9tico&#8221; e criticou o que chamou de &#8220;discurso populista&#8221;.<\/p>\n\n\n\n<p>\u2014 O Brasil \u00e9 um pa\u00eds rico para praticamente qualquer plantio. Fora que passar fome no Brasil \u00e9 uma grande mentira. Passa-se mal, n\u00e3o come bem, a\u00ed eu concordo. Agora, passar fome, n\u00e3o. Voc\u00ea n\u00e3o v\u00ea gente, mesmo pobre, pelas ruas, com f\u00edsico esquel\u00e9tico, como a gente v\u00ea em alguns outros pa\u00edses pelo mundo \u2014 destacou Bolsonaro.<\/p>\n\n\n\n<p>Bolsonaro havia sido questionado por uma correspondente do jornal espanhol &#8220;El Pa\u00eds&#8221; sobre planos do governo federal para dar suporte ao aumento da pobreza e da fome no pa\u00eds. A jornalista citou encontro com o presidente da C\u00e2mara dos Deputados, Rodrigo Maia, que, segundo ela, demonstrou preocupa\u00e7\u00e3o com o n\u00famero de pobres e famintos e comentou sobre conversas com o Planalto em prol de pol\u00edticas para o problema.<\/p>\n\n\n\n<p>Bolsonaro criticou que governos anteriores tenham atrelado a distribui\u00e7\u00e3o de riqueza \u00e0 concess\u00e3o de bolsas. Criaram, segundo ele, &#8220;um pa\u00eds das Bolsas&#8221;. O presidente disse que s\u00f3 o conhecimento tira o cidad\u00e3o da mis\u00e9ria e criticou o que chamou de &#8220;discurso populista&#8221; sobre a fome.<\/p>\n\n\n\n<p>\u2014 Esses pol\u00edticos que criticam a quest\u00e3o da fome no Brasil, no meu entender, tem que se preocupar, estudar um pouco mais as consequ\u00eancias disso. L\u00e1, \u00e9 precipita\u00e7\u00e3o pluviom\u00e9trica [chuva] \u00e9 menor que do Sert\u00e3o nordestino. Eles conseguem n\u00e3o s\u00f3 garantir sua seguran\u00e7a alimentar, como exportar parte para a Europa. Falar que se passa fome no Brasil \u00e9 discurso populista, tentando ganhar simpatia popular, nada al\u00e9m disso.<\/p>\n\n\n\n<p>Relat\u00f3rio do Panorama da Seguran\u00e7a Alimentar e Nutricional na Am\u00e9rica Latina e Caribe 2018, divulgado em novembro do ano passado, apontou o crescimento da fome no Brasil . O estudo estimou que a desnutri\u00e7\u00e3o alcan\u00e7ou at\u00e9 5,2 milh\u00f5es de brasileiros entre 2015 e 2017, ante os 5,1 milh\u00f5es calculados para os tri\u00eanios 2014-2016 e 2013-2015 e os 5 milh\u00f5es, de 2010-2012.<\/p>\n\n\n\n<p>O presidente respondeu \u00e0 jornalista que, de um hectare de l\u00e2mina d&#8217;\u00e1gua, \u00e9 poss\u00edvel retirar de dez a 15 toneladas de peixe til\u00e1pia por ano. Segundo ele, fazer uma pesquisa central hidrel\u00e9trica ou uma pequena represa no Brasil &#8220;\u00e9 quase imposs\u00edvel&#8221; pelo que chamou de &#8220;psicose ambiental&#8221;.<\/p>\n\n\n\n<p>Na vis\u00e3o de Bolsonaro, cabe ao Executivo e ao Legislativo apenas &#8220;facilitar a vida do empreendedor, de quem quer produzir, e n\u00e3o fazer esse discurso voltado para a massa da popula\u00e7\u00e3o&#8221;. Segundo o presidente, tal postura conduziria o pa\u00eds a uma situa\u00e7\u00e3o semelhante \u00e0 da Venezuela. Ele disse que Hugo Ch\u00e1vez implementou o socialismo, e o pa\u00eds chegou \u00e0 mis\u00e9ria que vive hoje.<\/p>\n\n\n\n<p>\u2014 Se as autoridades, n\u00f3s n\u00e3o atrapalharmos o nosso povo, essas franjas de mis\u00e9ria por si s\u00f3 acabam no Brasil porque o nosso solo no Brasil \u00e9 muito rico para tudo o que voc\u00ea pode imaginar \u2014 disse o presidente.<\/p>\n","protected":false},"excerpt":{"rendered":"<p>presidente Jair Bolsonaro disse, na manh\u00e3 desta sexta-feira, que n\u00e3o h\u00e1 fome no Brasil. Durante caf\u00e9 da manh\u00e3 com correspondes de jornais estrangeiros, o chefe&hellip; <\/p>\n","protected":false},"author":1,"featured_media":105674,"comment_status":"closed","ping_status":"closed","sticky":false,"template":"","format":"standard","meta":{"sfsi_plus_gutenberg_text_before_share":"","sfsi_plus_gutenberg_show_text_before_share":"","sfsi_plus_gutenberg_icon_type":"","sfsi_plus_gutenberg_icon_alignemt":"","sfsi_plus_gutenburg_max_per_row":"","footnotes":""},"categories":[11],"tags":[],"class_list":["post-105673","post","type-post","status-publish","format-standard","has-post-thumbnail","hentry","category-politica"],"_links":{"self":[{"href":"https:\/\/www.caririemacao.com\/1\/wp-json\/wp\/v2\/posts\/105673","targetHints":{"allow":["GET"]}}],"collection":[{"href":"https:\/\/www.caririemacao.com\/1\/wp-json\/wp\/v2\/posts"}],"about":[{"href":"https:\/\/www.caririemacao.com\/1\/wp-json\/wp\/v2\/types\/post"}],"author":[{"embeddable":true,"href":"https:\/\/www.caririemacao.com\/1\/wp-json\/wp\/v2\/users\/1"}],"replies":[{"embeddable":true,"href":"https:\/\/www.caririemacao.com\/1\/wp-json\/wp\/v2\/comments?post=105673"}],"version-history":[{"count":1,"href":"https:\/\/www.caririemacao.com\/1\/wp-json\/wp\/v2\/posts\/105673\/revisions"}],"predecessor-version":[{"id":105675,"href":"https:\/\/www.caririemacao.com\/1\/wp-json\/wp\/v2\/posts\/105673\/revisions\/105675"}],"wp:featuredmedia":[{"embeddable":true,"href":"https:\/\/www.caririemacao.com\/1\/wp-json\/wp\/v2\/media\/105674"}],"wp:attachment":[{"href":"https:\/\/www.caririemacao.com\/1\/wp-json\/wp\/v2\/media?parent=105673"}],"wp:term":[{"taxonomy":"category","embeddable":true,"href":"https:\/\/www.caririemacao.com\/1\/wp-json\/wp\/v2\/categories?post=105673"},{"taxonomy":"post_tag","embeddable":true,"href":"https:\/\/www.caririemacao.com\/1\/wp-json\/wp\/v2\/tags?post=105673"}],"curies":[{"name":"wp","href":"https:\/\/api.w.org\/{rel}","templated":true}]}}