{"id":105679,"date":"2019-07-19T14:20:45","date_gmt":"2019-07-19T17:20:45","guid":{"rendered":"http:\/\/www.caririemacao.com\/1\/?p=105679"},"modified":"2019-07-19T14:20:45","modified_gmt":"2019-07-19T17:20:45","slug":"menino-era-torturado-com-velas-fios-e-pedacos-de-madeira-diz-policia-civil","status":"publish","type":"post","link":"https:\/\/www.caririemacao.com\/1\/2019\/07\/19\/menino-era-torturado-com-velas-fios-e-pedacos-de-madeira-diz-policia-civil\/","title":{"rendered":"Menino era torturado com velas, fios e peda\u00e7os de madeira, diz Pol\u00edcia Civil"},"content":{"rendered":"\n<p>A Pol\u00edcia Civil confirmou que menino de 7 anos era torturado com velas, fios, cigarros e peda\u00e7o de madeira, em Boqueir\u00e3o. O&nbsp;delegado Iasley Almeida disse que o menino era acorrentado ao guarda-roupa para n\u00e3o sair e nem se alimentar.<\/p>\n\n\n\n<p>A m\u00e3e da crian\u00e7a e o padrasto s\u00e3o suspeitos de torturar a crian\u00e7a e foram presos na manh\u00e3 desta quinta-feira (18), na casa de um parente, na cidade de Boqueir\u00e3o.<\/p>\n\n\n\n<ul class=\"wp-block-list\"><li><a href=\"https:\/\/www.clickpb.com.br\/Policial\/preso-casal-suspeito-de-torturar-crianca-em-boqueirao-264225.html\">Preso casal suspeito de torturar crian\u00e7a em Boqueir\u00e3o<\/a><\/li><\/ul>\n\n\n\n<p>A crian\u00e7a foi encontrada&nbsp;<a href=\"https:\/\/www.clickpb.com.br\/Policial\/crianca-de-7-anos-e-encontrada-acorrentada-e-espancada-pela-mae-em-boqueirao-263825.html\">acorrentada e com sinais de desnutri\u00e7\u00e3o e maus-tratos<\/a>, no dia 10 de julho.&nbsp;<br><\/p>\n\n\n\n<p>Um laudo do&nbsp;N\u00facleo de Medicina e Odontologia Legal (Numol), confirmou que a crian\u00e7a sofreu torturas e os principais suspeitos s\u00e3o a m\u00e3e e o padrasto do menino que estavam foragidos.&nbsp;<br><\/p>\n\n\n\n<ul class=\"wp-block-list\"><li><a href=\"https:\/\/www.clickpb.com.br\/paraiba\/laudo-confirma-que-menino-encontrado-acorrentado-foi-torturado-na-paraiba-264155.html\">Laudo confirma que menino encontrado acorrentado foi torturado, na Para\u00edba<\/a><\/li><\/ul>\n\n\n\n<p>O menino de 7 anos permanece internado no Hospital de Trauma de Campina Grande, com estado de sa\u00fade considerado est\u00e1vel. De acordo com o boletim m\u00e9dico divulgado nesta quinta-feira (18), a crian\u00e7a n\u00e3o tem previs\u00e3o de alta hospitalar.&nbsp;<\/p>\n","protected":false},"excerpt":{"rendered":"<p>A Pol\u00edcia Civil confirmou que menino de 7 anos era torturado com velas, fios, cigarros e peda\u00e7o de madeira, em Boqueir\u00e3o. O&nbsp;delegado Iasley Almeida disse&hellip; <\/p>\n","protected":false},"author":1,"featured_media":105680,"comment_status":"closed","ping_status":"closed","sticky":false,"template":"","format":"standard","meta":{"sfsi_plus_gutenberg_text_before_share":"","sfsi_plus_gutenberg_show_text_before_share":"","sfsi_plus_gutenberg_icon_type":"","sfsi_plus_gutenberg_icon_alignemt":"","sfsi_plus_gutenburg_max_per_row":"","footnotes":""},"categories":[12],"tags":[],"class_list":["post-105679","post","type-post","status-publish","format-standard","has-post-thumbnail","hentry","category-policia"],"_links":{"self":[{"href":"https:\/\/www.caririemacao.com\/1\/wp-json\/wp\/v2\/posts\/105679","targetHints":{"allow":["GET"]}}],"collection":[{"href":"https:\/\/www.caririemacao.com\/1\/wp-json\/wp\/v2\/posts"}],"about":[{"href":"https:\/\/www.caririemacao.com\/1\/wp-json\/wp\/v2\/types\/post"}],"author":[{"embeddable":true,"href":"https:\/\/www.caririemacao.com\/1\/wp-json\/wp\/v2\/users\/1"}],"replies":[{"embeddable":true,"href":"https:\/\/www.caririemacao.com\/1\/wp-json\/wp\/v2\/comments?post=105679"}],"version-history":[{"count":1,"href":"https:\/\/www.caririemacao.com\/1\/wp-json\/wp\/v2\/posts\/105679\/revisions"}],"predecessor-version":[{"id":105681,"href":"https:\/\/www.caririemacao.com\/1\/wp-json\/wp\/v2\/posts\/105679\/revisions\/105681"}],"wp:featuredmedia":[{"embeddable":true,"href":"https:\/\/www.caririemacao.com\/1\/wp-json\/wp\/v2\/media\/105680"}],"wp:attachment":[{"href":"https:\/\/www.caririemacao.com\/1\/wp-json\/wp\/v2\/media?parent=105679"}],"wp:term":[{"taxonomy":"category","embeddable":true,"href":"https:\/\/www.caririemacao.com\/1\/wp-json\/wp\/v2\/categories?post=105679"},{"taxonomy":"post_tag","embeddable":true,"href":"https:\/\/www.caririemacao.com\/1\/wp-json\/wp\/v2\/tags?post=105679"}],"curies":[{"name":"wp","href":"https:\/\/api.w.org\/{rel}","templated":true}]}}