{"id":105685,"date":"2019-07-19T14:25:15","date_gmt":"2019-07-19T17:25:15","guid":{"rendered":"http:\/\/www.caririemacao.com\/1\/?p=105685"},"modified":"2019-07-19T14:25:15","modified_gmt":"2019-07-19T17:25:15","slug":"bolsonaro-confirma-ameaca-terrorista","status":"publish","type":"post","link":"https:\/\/www.caririemacao.com\/1\/2019\/07\/19\/bolsonaro-confirma-ameaca-terrorista\/","title":{"rendered":"Bolsonaro confirma amea\u00e7a terrorista"},"content":{"rendered":"\n<p>O presidente Jair Bolsonaro confirmou na manh\u00e3 desta sexta-feira, 19, que o Gabinete de Seguran\u00e7a Institucional da Presid\u00eancia j\u00e1 tinha conhecimento da investiga\u00e7\u00e3o sobre um grupo de ecoterroristas que estaria amea\u00e7ando mat\u00e1-lo. A reportagem foi publicada por VEJA.<\/p>\n\n\n\n<p>Ao ser perguntado sobre o caso no fim de um caf\u00e9 da manh\u00e3 com jornalistas de ag\u00eancias internacionais, no Pal\u00e1cio do Planalto, Bolsonaro afirmou que havia lido a reportagem naquela manh\u00e3. \u201cEu li e encaminhei. O GSI j\u00e1 tinha conhecimento\u201d, disse. \u201cO risco de atentado a mim ou a qualquer l\u00edder mundial sempre vai existir\u201d, afirmou.<\/p>\n\n\n\n<figure class=\"wp-block-image\"><img decoding=\"async\" data-src=\"https:\/\/www.clickpb.com.br\/media\/filer_public\/7b\/28\/7b28c1e4-f301-464d-a88a-e3065e4c0b98\/bolsonaro_-_reuters.jpg\" alt=\"\" src=\"data:image\/svg+xml;base64,PHN2ZyB3aWR0aD0iMSIgaGVpZ2h0PSIxIiB4bWxucz0iaHR0cDovL3d3dy53My5vcmcvMjAwMC9zdmciPjwvc3ZnPg==\" class=\"lazyload\" \/><\/figure>\n\n\n\n<p>H\u00e1 seis meses a Pol\u00edcia Federal ca\u00e7a, ainda sem sucesso, os integrantes de um grupo terrorista que j\u00e1 praticou pelo menos tr\u00eas atentados a bomba em Bras\u00edlia e anuncia como seu objetivo mais audacioso matar o presidente.<br><\/p>\n\n\n\n<p>Nas duas \u00faltimas semanas, VEJA entrevistou um dos l\u00edderes da Sociedade Secreta Silvestre (SSS), que se apresenta como bra\u00e7o brasileiro do Individualistas que Tendem ao Selvagem (ITS), uma organiza\u00e7\u00e3o internacional que se diz ecoextremista e \u00e9 investigada por promover ataques a pol\u00edticos e empres\u00e1rios em v\u00e1rios pa\u00edses. O terrorista identifica-se como \u201cAnhang\u00e1\u201d. Por orienta\u00e7\u00e3o do grupo, o contato foi feito pela deep web, uma esp\u00e9cie de \u00e1rea clandestina da internet que, irrastre\u00e1vel, \u00e9 utilizada como meio de comunica\u00e7\u00e3o por criminosos de v\u00e1rias modalidades.&nbsp;<\/p>\n\n\n\n<p>Anhang\u00e1 garante que o plano para matar Bolsonaro \u00e9 real e come\u00e7ou a ser elaborado desde o instante em que o presidente foi eleito. Era para ter sido executado no dia da posse, mas o forte esquema de seguran\u00e7a montado pela pol\u00edcia e pelo Ex\u00e9rcito acabou fazendo com que o grupo adiasse a a\u00e7\u00e3o. \u201cVistoriamos a \u00e1rea antes. Mas ainda estava imprevis\u00edvel. N\u00e3o t\u00ednhamos certeza de como funcionaria\u201d, afirma o terrorista. Dias antes da posse, a SSS colocou uma bomba em frente a uma igreja cat\u00f3lica distante 50 quil\u00f4metros do Pal\u00e1cio do Planalto. O artefato n\u00e3o explodiu por uma falha do detonador. No mesmo dia, a SSS postou um v\u00eddeo na internet reivindicando o ataque e revelando detalhes da bomba que s\u00f3 quem a construiu poderia conhecer.<\/p>\n\n\n\n<p>Nessa postagem, o grupo tamb\u00e9m anunciou que o pr\u00f3ximo alvo seria o presidente eleito, o que levou as autoridades a sugerir o cancelamento do desfile em carro aberto. \u201cFacilmente poder\u00edamos nos misturar e executar este ataque, mas o risco era enorme (\u2026) ent\u00e3o seria suicida. N\u00e3o quer\u00edamos isso.\u201d Na a\u00e7\u00e3o seriam usados explosivos e armas. \u201cA finalidade m\u00e1xima seriam disparos contra Bolsonaro ou sua fam\u00edlia, seus filhos, sua esposa.\u201d<\/p>\n\n\n\n<p>CONFIRA A REPORTAGEM DA VEJA<\/p>\n\n\n\n<p><strong>L\u00edder de grupo terrorista revela plano para matar Bolsonaro<\/strong><\/p>\n\n\n\n<p>Em 1\u00ba setembro do ano passado, ningu\u00e9m deu aten\u00e7\u00e3o a uma mensagem no Facebook que trazia uma amea\u00e7a ao ent\u00e3o deputado Jair Bolsonaro. O autor escreveu que testaria \u201ca valentia\u201d do ent\u00e3o candidato do PSL \u00e0 Presid\u00eancia da Rep\u00fablica quando os dois se encontrassem e que ele \u201cmerecia\u201d levar um tiro na cabe\u00e7a. Ningu\u00e9m deu aten\u00e7\u00e3o \u00e0 postagem porque amea\u00e7as assim quase sempre n\u00e3o passam de bravatas. Ningu\u00e9m deu aten\u00e7\u00e3o porque o autor, um gar\u00e7om desempregado, tamb\u00e9m costumava publicar em sua p\u00e1gina na rede social textos desconexos e teorias conspirat\u00f3rias absolutamente sem sentido. Parecia coisa de maluco. Cinco dias depois, no entanto, Ad\u00e9lio Bispo de Oliveira, o autor da mensagem, esfaqueou Bolsonaro em uma passeata em Juiz de Fora (MG). O agressor de fato era um desequilibrado mental, mas o atentado ensinou que amea\u00e7as n\u00e3o devem ser subestimadas, por mais improv\u00e1veis que pare\u00e7am.<\/p>\n\n\n\n<p>H\u00e1 seis meses a Pol\u00edcia Federal ca\u00e7a, ainda sem sucesso, os integrantes de um grupo terrorista que j\u00e1 praticou pelo menos tr\u00eas atentados a bomba em Bras\u00edlia e anuncia como seu objetivo mais audacioso matar o presidente da Rep\u00fablica. Nas duas \u00faltimas semanas, VEJA entrevistou um dos l\u00edderes da Sociedade Secreta Silvestre (SSS), que se apresenta como bra\u00e7o brasileiro do Individualistas que Tendem ao Selvagem (ITS), uma organiza\u00e7\u00e3o internacional que se diz ecoextremista e \u00e9 investigada por promover ataques a pol\u00edticos e empres\u00e1rios em v\u00e1rios pa\u00edses. O terrorista identifica-se como \u201cAnhang\u00e1\u201d. Por orienta\u00e7\u00e3o do grupo, o contato foi feito pela deep web, uma esp\u00e9cie de \u00e1rea clandestina da internet que, irrastre\u00e1vel, \u00e9 utilizada como meio de comunica\u00e7\u00e3o por criminosos de v\u00e1rias modalidades.<\/p>\n\n\n\n<p>Anhang\u00e1 garante que o plano para matar Bolsonaro \u00e9 real e come\u00e7ou a ser elaborado desde o instante em que o presidente foi eleito. Era para ter sido executado no dia da posse, mas o forte esquema de seguran\u00e7a montado pela pol\u00edcia e pelo Ex\u00e9rcito acabou fazendo com que o grupo adiasse a a\u00e7\u00e3o. \u201cVistoriamos a \u00e1rea antes. Mas ainda estava imprevis\u00edvel. N\u00e3o t\u00ednhamos certeza de como funcionaria\u201d, afirma o terrorista. Dias antes da posse, a SSS colocou uma bomba em frente a uma igreja cat\u00f3lica distante 50 quil\u00f4metros do Pal\u00e1cio do Planalto. O artefato n\u00e3o explodiu por uma falha do detonador. No mesmo dia, a SSS postou um v\u00eddeo na internet reivindicando o ataque e revelando detalhes da bomba que s\u00f3 quem a construiu poderia conhecer. Nessa postagem, o grupo tamb\u00e9m anunciou que o pr\u00f3ximo alvo seria o presidente eleito, o que levou as autoridades a sugerir o cancelamento do desfile em carro aberto. \u201cFacilmente poder\u00edamos nos misturar e executar este ataque, mas o risco era enorme (\u2026) ent\u00e3o seria suicida. N\u00e3o quer\u00edamos isso.\u201d Na a\u00e7\u00e3o seriam usados explosivos e armas. \u201cA finalidade m\u00e1xima seriam disparos contra Bolsonaro ou sua fam\u00edlia, seus filhos, sua esposa.\u201d<\/p>\n\n\n\n<p>Depois disso, em abril, dois carros do Ibama foram incendiados em um posto do \u00f3rg\u00e3o em Bras\u00edlia. Em meio aos escombros, encontraram-se palitos de f\u00f3sforo, restos de fita adesiva e vest\u00edgios de um l\u00edquido inflam\u00e1vel. No local, havia picha\u00e7\u00f5es com amea\u00e7as de morte ao ministro Ricardo Salles, do Meio Ambiente. De novo, num v\u00eddeo postado na internet clandestina, o grupo assumiu a responsabilidade pelo atentado e exibiu o material utilizado durante o ataque, oferecendo provas de que era mesmo o autor do crime. De acordo com Anhang\u00e1, foi mais um aviso, dessa vez endere\u00e7ado diretamente a Ricardo Salles. \u201cSalles \u00e9 um c\u00ednico, e n\u00e3o descansar\u00e1 em paz, quando menos esperar, mesmo que saia do minist\u00e9rio que ocupa, a vez dele chegar\u00e1. (\u2026) \u00c9 um lobo cuidando de um galinheiro\u201d, diz o extremista, que alerta para a exist\u00eancia de um terceiro alvo no governo: Damares Alves, a ministra da Mulher, Fam\u00edlia e Direitos Humanos. \u201c(Ela) se tornou a crist\u00e3 branca evangelizadora que prega o progresso e condena toda a ancestralidade. O eco-extremismo \u00e9 extremamente incompat\u00edvel com o que prega o seu minist\u00e9rio\u201d, diz.<\/p>\n\n\n\n<p>Esp\u00e9cie de holding internacional dos chamados ecorradicais, o ITS foi fundado em 2011 no M\u00e9xico e afirma ter representantes tamb\u00e9m na Argentina, Chile, Espanha e Gr\u00e9cia. A organiza\u00e7\u00e3o se diz contra tudo o que leva \u00e0 devasta\u00e7\u00e3o do meio ambiente e defende o uso de medidas extremas e atos violentos contra os inimigos da natureza (evidentemente tal discurso n\u00e3o tem coer\u00eancia alguma). Em maio passado, os ecoterroristas do Chile assumiram a autoria de uma carta-\u00adbomba enviada a um empres\u00e1rio. Dois anos antes, em 2017, um artefato similar foi endere\u00e7ado ao presidente de uma mineradora, que ficou ferido. No M\u00e9xico, o ITS reivindicou a autoria de v\u00e1rias explos\u00f5es em universidades. Uma delas resultou, em 2016, na morte de um pesquisador. No fim do ano passado, o grupo tamb\u00e9m se responsabilizou por uma bomba deixada pr\u00f3ximo a uma igreja ortodoxa em Atenas.<\/p>\n\n\n\n<p>Os terroristas brasileiros v\u00eam sendo monitorados pelas autoridades h\u00e1 algum tempo. Um relat\u00f3rio elaborado pela diretoria de intelig\u00eancia da PF intitulado \u201cInforma\u00e7\u00f5es sobre Sociedade Secreta Silvestre\u201d descreve que, em 2017, uma bomba foi deixada na rodovi\u00e1ria de Bras\u00edlia. O documento, obtido por VEJA, ressalta que a imprensa n\u00e3o noticiou o atentado, mas, mesmo assim, os detalhes foram divulgados num site do grupo chamado Sociedade Secreta Silvestre, traduzidos para diversos idiomas e assinados por uma pessoa identificada como \u201cAnhang\u00e1\u201d. Em dezembro, depois da amea\u00e7a ao presidente Bolsonaro, a Pol\u00edcia Federal decidiu p\u00f4r no caso os melhores agentes da se\u00e7\u00e3o antiterrorismo. Os policiais j\u00e1 seguiram v\u00e1rias pistas. Tr\u00eas suspeitos chegaram a ser presos. Mas os integrantes do grupo ainda n\u00e3o foram identificados. Anhang\u00e1 provoca: \u201c(Eles) s\u00e3o incompetentes (\u2026). N\u00e3o somos meros amadores, dominamos t\u00e9cnicas de seguran\u00e7a, de engenharia, de comportamento social. (\u2026) Discutimos internamente com membros de outros pa\u00edses\u201d.<\/p>\n\n\n\n<p>Assim como para outros grupos, a internet exerce um papel importante na organiza\u00e7\u00e3o e divulga\u00e7\u00e3o de ideias. Os comunicados e v\u00eddeos do grupo terrorista ITS s\u00e3o postados num site chamado Maldici\u00f3n Eco-\u00adextremista, traduzido para diversos idiomas. Foi por meio desse canal que VEJA solicitou uma entrevista com um integrante do ITS-Brasil. Um e-mail criptografado, de um servidor localizado na Su\u00ed\u00e7a, indicou um endere\u00e7o eletr\u00f4nico para o qual deveriam ser enviadas as perguntas. Pouco tempo depois, Anhang\u00e1 apareceu e disse que estava \u00e0 disposi\u00e7\u00e3o para esclarecer as d\u00favidas da reportagem. A partir da\u00ed, foi mandado um link de um chat privado, em que as mensagens eram destru\u00eddas ap\u00f3s 24 horas. Nesse canal, foram feitas tr\u00eas entrevistas, reproduzidas ao longo destas p\u00e1ginas. Em fevereiro de 2019, a rede de televis\u00e3o francesa TV5Monde utilizou o mesmo caminho para entrevistar o fundador do ITS, que se apresentou como \u201cXale\u201d. A reportagem informava que o grupo tinha ramifica\u00e7\u00e3o no Brasil.<\/p>\n\n\n\n<p>O m\u00e1ximo que Anhang\u00e1 (que quer dizer esp\u00edrito que protege os animais, em tupi-guarani) revela sobre si \u00e9 que \u00e9 do sexo masculino, tem entre 20 e 30 anos, est\u00e1 em Bras\u00edlia e \u00e9 um radical defensor da natureza. Com as vidas humanas, j\u00e1 n\u00e3o demonstra a mesma preocupa\u00e7\u00e3o. Segundo ele, o presidente \u00e9 um \u201cest\u00fapido populista\u201d que \u201cfalha com sua seguran\u00e7a\u201d e anda \u201csem uma prote\u00e7\u00e3o adequada\u201d, o que facilita o atentado. Quando isso pode acontecer? \u201cUm ataque a Jair Bolsonaro ser\u00e1 sempre uma possibilidade latente.\u201d Por qu\u00ea? \u201cBolsonaro e sua administra\u00e7\u00e3o tem declarado guerra ao meio ambiente.\u201d J\u00e1 h\u00e1 alguma prepara\u00e7\u00e3o? \u201cTentamos sempre adquirir explosivos e armas mais potentes.\u201d Onde? \u201cEstudamos semanalmente nossos alvos.\u201d Pode ser tudo bravata? At\u00e9 pode, mas as evid\u00eancias que se tem at\u00e9 agora apontam para o sentido contr\u00e1rio. Num inqu\u00e9rito sigiloso obtido por VEJA, a pr\u00f3pria PF destaca que o grupo continua praticando atos criminosos com \u201cextrema gravidade\u201d e mostrando \u201cprofus\u00e3o de ideias violentas e extremistas, al\u00e9m de divulgar amea\u00e7as contra a vida do Bolsonaro\u201d. Isso, por si s\u00f3, j\u00e1 se enquadra em crime de terror (leia mais nesta reportagem).<\/p>\n\n\n\n<p>As amea\u00e7as contra autoridades de Bras\u00edlia n\u00e3o envolvem apenas o Executivo. Em mar\u00e7o, por determina\u00e7\u00e3o do ministro Dias Toffoli, presidente do Supremo Tribunal Federal (STF), foi instaurado um inqu\u00e9rito para apurar a origem de ataques a magistrados nas redes sociais. Numa primeira fase, os investigadores identificaram pessoas que usavam a internet para difundir not\u00edcias falsas e pregar agress\u00f5es contra os ministros. Foi o caso de um advogado alagoano que publicou uma mensagem em que falava da necessidade de \u201cmatar aquele d\u00e9bil mental do irm\u00e3o mongol do ministro Toffoli\u201d. O irm\u00e3o do ministro \u00e9 portador de s\u00edndrome de Down. Identificado, o advogado prestou depoimento e disse que tudo n\u00e3o passava de bravata.<\/p>\n\n\n\n<p>Mas n\u00e3o foi apenas isso. VEJA apurou que o inqu\u00e9rito do STF tamb\u00e9m reuniu evid\u00eancias de um plano real de ataque contra um ministro da Corte. Os investigadores descobriram que um grupo havia monitorado durante algum tempo a rotina de um dos magistrados, cujo nome \u00e9 mantido em sigilo, e de sua fam\u00edlia, que mora em S\u00e3o Paulo. O objetivo era definir o melhor lugar para uma emboscada, e o local escolhido foi o Aeroporto de Congonhas. Por quest\u00f5es de seguran\u00e7a, autoridades e pol\u00edticos t\u00eam acesso a salas vip em aeroportos. A ideia dos criminosos era cercar o carro do ministro na sa\u00edda do terminal e metralh\u00e1-lo. \u201cEles diziam que \u2018iam abrir fogo\u2019\u201d, revela um magistrado que teve acesso \u00e0 investiga\u00e7\u00e3o, conduzida pelo ministro Alexandre de Moraes.<\/p>\n\n\n\n<p>Curiosamente, o plano foi discutido em um chat da deep web tamb\u00e9m frequentado pelos estudantes Guilherme Monteiro e Luiz Henrique de Castro. Para quem n\u00e3o lembra, em mar\u00e7o esses dois rapazes invadiram uma escola em Suzano, no interior de S\u00e3o Paulo, executaram cinco alunos e duas funcion\u00e1rias e depois se mataram. No chat, o grupo que planejava o ataque ao ministro do STF trocava informa\u00e7\u00f5es com os assassinos da escola. Por orienta\u00e7\u00e3o da Pol\u00edcia Federal, os ju\u00edzes mudaram sua rotina e ampliaram o esquema de seguran\u00e7a. \u201cEsse caso \u00e9 diferente dos que j\u00e1 encontramos. N\u00e3o se trata de algu\u00e9m fazendo um desagravo ou uma bravata pela internet. Eram dois grupos distintos tramando dois ataques. O primeiro aconteceu. N\u00e3o era brincadeira\u201d, diz o mesmo magistrado. Infelizmente, o terrorismo, que durante tanto tempo n\u00e3o figurou entre as preocupa\u00e7\u00f5es brasileiras, agora precisa ser levado a s\u00e9rio. Que os respons\u00e1veis sejam presos e punidos \u2014 antes que cometam as tais atrocidades que prometem.<\/p>\n","protected":false},"excerpt":{"rendered":"<p>O presidente Jair Bolsonaro confirmou na manh\u00e3 desta sexta-feira, 19, que o Gabinete de Seguran\u00e7a Institucional da Presid\u00eancia j\u00e1 tinha conhecimento da investiga\u00e7\u00e3o sobre um&hellip; <\/p>\n","protected":false},"author":1,"featured_media":105686,"comment_status":"closed","ping_status":"closed","sticky":false,"template":"","format":"standard","meta":{"sfsi_plus_gutenberg_text_before_share":"","sfsi_plus_gutenberg_show_text_before_share":"","sfsi_plus_gutenberg_icon_type":"","sfsi_plus_gutenberg_icon_alignemt":"","sfsi_plus_gutenburg_max_per_row":"","footnotes":""},"categories":[11],"tags":[],"class_list":["post-105685","post","type-post","status-publish","format-standard","has-post-thumbnail","hentry","category-politica"],"_links":{"self":[{"href":"https:\/\/www.caririemacao.com\/1\/wp-json\/wp\/v2\/posts\/105685","targetHints":{"allow":["GET"]}}],"collection":[{"href":"https:\/\/www.caririemacao.com\/1\/wp-json\/wp\/v2\/posts"}],"about":[{"href":"https:\/\/www.caririemacao.com\/1\/wp-json\/wp\/v2\/types\/post"}],"author":[{"embeddable":true,"href":"https:\/\/www.caririemacao.com\/1\/wp-json\/wp\/v2\/users\/1"}],"replies":[{"embeddable":true,"href":"https:\/\/www.caririemacao.com\/1\/wp-json\/wp\/v2\/comments?post=105685"}],"version-history":[{"count":1,"href":"https:\/\/www.caririemacao.com\/1\/wp-json\/wp\/v2\/posts\/105685\/revisions"}],"predecessor-version":[{"id":105687,"href":"https:\/\/www.caririemacao.com\/1\/wp-json\/wp\/v2\/posts\/105685\/revisions\/105687"}],"wp:featuredmedia":[{"embeddable":true,"href":"https:\/\/www.caririemacao.com\/1\/wp-json\/wp\/v2\/media\/105686"}],"wp:attachment":[{"href":"https:\/\/www.caririemacao.com\/1\/wp-json\/wp\/v2\/media?parent=105685"}],"wp:term":[{"taxonomy":"category","embeddable":true,"href":"https:\/\/www.caririemacao.com\/1\/wp-json\/wp\/v2\/categories?post=105685"},{"taxonomy":"post_tag","embeddable":true,"href":"https:\/\/www.caririemacao.com\/1\/wp-json\/wp\/v2\/tags?post=105685"}],"curies":[{"name":"wp","href":"https:\/\/api.w.org\/{rel}","templated":true}]}}