{"id":105690,"date":"2019-07-19T14:31:28","date_gmt":"2019-07-19T17:31:28","guid":{"rendered":"http:\/\/www.caririemacao.com\/1\/?p=105690"},"modified":"2019-07-19T14:31:28","modified_gmt":"2019-07-19T17:31:28","slug":"intencao-de-consumo-das-familias-recua-17-em-julho-diz-cnc","status":"publish","type":"post","link":"https:\/\/www.caririemacao.com\/1\/2019\/07\/19\/intencao-de-consumo-das-familias-recua-17-em-julho-diz-cnc\/","title":{"rendered":"Inten\u00e7\u00e3o de consumo das fam\u00edlias recua 1,7% em julho, diz CNC"},"content":{"rendered":"\n<p><br>A Inten\u00e7\u00e3o de Consumo das Fam\u00edlias (ICF), medida pela Confedera\u00e7\u00e3o Nacional do Com\u00e9rcio de Bens, Servi\u00e7os e Turismo (CNC), recuou 1,7% na passagem de junho para julho deste ano e chegou a 89,8 pontos, em uma escala de zero a 200 pontos. Essa foi a quinta queda consecutiva do indicador.<\/p>\n\n\n\n<p>Os sete componentes do ICF tiveram queda, com destaque para perspectiva de consumo (3,2%) e momento considerado adequado para a compra de bens dur\u00e1veis (3,8%).<\/p>\n\n\n\n<p>\u201cA varia\u00e7\u00e3o de 1,7% mostra, pela quinta vez, a queda do \u00edndice, mostrando uma relativa insatisfa\u00e7\u00e3o das fam\u00edlias com rela\u00e7\u00e3o ao momento da economia, uma certa frustra\u00e7\u00e3o em rela\u00e7\u00e3o ao in\u00edcio do ano e mostrando tamb\u00e9m que elas se apresentam bastante cautelosas em rela\u00e7\u00e3o aos gastos\u201d, disse o pesquisador da CNC Antonio Everton.<\/p>\n\n\n\n<p>Na compara\u00e7\u00e3o com julho de 2018, no entanto, houve uma alta de 5,5% no indicador. Nesse tipo de compara\u00e7\u00e3o, os sete componentes tiveram alta, com destaque para o n\u00edvel de consumo atual (10,8%).<\/p>\n","protected":false},"excerpt":{"rendered":"<p>A Inten\u00e7\u00e3o de Consumo das Fam\u00edlias (ICF), medida pela Confedera\u00e7\u00e3o Nacional do Com\u00e9rcio de Bens, Servi\u00e7os e Turismo (CNC), recuou 1,7% na passagem de junho&hellip; <\/p>\n","protected":false},"author":1,"featured_media":73190,"comment_status":"closed","ping_status":"closed","sticky":false,"template":"","format":"standard","meta":{"sfsi_plus_gutenberg_text_before_share":"","sfsi_plus_gutenberg_show_text_before_share":"","sfsi_plus_gutenberg_icon_type":"","sfsi_plus_gutenberg_icon_alignemt":"","sfsi_plus_gutenburg_max_per_row":"","footnotes":""},"categories":[2],"tags":[],"class_list":["post-105690","post","type-post","status-publish","format-standard","has-post-thumbnail","hentry","category-geral"],"_links":{"self":[{"href":"https:\/\/www.caririemacao.com\/1\/wp-json\/wp\/v2\/posts\/105690","targetHints":{"allow":["GET"]}}],"collection":[{"href":"https:\/\/www.caririemacao.com\/1\/wp-json\/wp\/v2\/posts"}],"about":[{"href":"https:\/\/www.caririemacao.com\/1\/wp-json\/wp\/v2\/types\/post"}],"author":[{"embeddable":true,"href":"https:\/\/www.caririemacao.com\/1\/wp-json\/wp\/v2\/users\/1"}],"replies":[{"embeddable":true,"href":"https:\/\/www.caririemacao.com\/1\/wp-json\/wp\/v2\/comments?post=105690"}],"version-history":[{"count":1,"href":"https:\/\/www.caririemacao.com\/1\/wp-json\/wp\/v2\/posts\/105690\/revisions"}],"predecessor-version":[{"id":105691,"href":"https:\/\/www.caririemacao.com\/1\/wp-json\/wp\/v2\/posts\/105690\/revisions\/105691"}],"wp:featuredmedia":[{"embeddable":true,"href":"https:\/\/www.caririemacao.com\/1\/wp-json\/wp\/v2\/media\/73190"}],"wp:attachment":[{"href":"https:\/\/www.caririemacao.com\/1\/wp-json\/wp\/v2\/media?parent=105690"}],"wp:term":[{"taxonomy":"category","embeddable":true,"href":"https:\/\/www.caririemacao.com\/1\/wp-json\/wp\/v2\/categories?post=105690"},{"taxonomy":"post_tag","embeddable":true,"href":"https:\/\/www.caririemacao.com\/1\/wp-json\/wp\/v2\/tags?post=105690"}],"curies":[{"name":"wp","href":"https:\/\/api.w.org\/{rel}","templated":true}]}}