{"id":105705,"date":"2019-07-19T14:56:41","date_gmt":"2019-07-19T17:56:41","guid":{"rendered":"http:\/\/www.caririemacao.com\/1\/?p=105705"},"modified":"2019-07-19T14:56:41","modified_gmt":"2019-07-19T17:56:41","slug":"sede-da-ancine-sera-transferida-para-brasilia-diz-bolsonaro","status":"publish","type":"post","link":"https:\/\/www.caririemacao.com\/1\/2019\/07\/19\/sede-da-ancine-sera-transferida-para-brasilia-diz-bolsonaro\/","title":{"rendered":"Sede da Ancine ser\u00e1 transferida para Bras\u00edlia, diz Bolsonaro"},"content":{"rendered":"\n<p>O presidente Jair Bolsonaro disse hoje (19) que vai transferir a sede da Ag\u00eancia Nacional do Cinema (Ancine) do Rio de Janeiro para Bras\u00edlia. Segundo ele, o governo estuda transformar a Ancine em uma secretaria vinculada a algum minist\u00e9rio.<\/p>\n\n\n\n<p>&#8220;\u00c9 uma ideia que a Ancine vire uma secretaria, ligada a algum minist\u00e9rio. N\u00e3o sei se do [ministro] Osmar Terra [Cidadania] ou n\u00e3o. Vou conversar com ele\u201d, disse Bolsonaro, ap\u00f3s participar da solenidade comemorativa do Dia Nacional do Futebol, no Minist\u00e9rio da Cidadania.<\/p>\n\n\n\n<p>Segundo Bolsonaro, o governo far\u00e1 um filtro sobre as produ\u00e7\u00f5es audiovisuais. \u201cVai ter um filtro, sim, j\u00e1 que \u00e9 um \u00f3rg\u00e3o federal. Se n\u00e3o puder ter filtro, n\u00f3s extinguiremos a Ancine, privatizaremos ou extinguiremos. N\u00e3o pode \u00e9 dinheiro p\u00fablico ser usado para filme pornogr\u00e1fico.\u201d<\/p>\n\n\n\n<p>O presidente defendeu a produ\u00e7\u00e3o de filmes sobre her\u00f3is brasileiros. \u201cTemos tantos her\u00f3is no Brasil e a gente n\u00e3o fala desses her\u00f3is. N\u00e3o toca no assunto. Temos que perpetuar, fazer valer, dar valor a essas pessoas que no passado deram sua vida, se empenharam para que o Brasil fosse independente l\u00e1 atr\u00e1s, fosse democr\u00e1tico, e sonhasse com um futuro que pertence a todos n\u00f3s.\u201d<\/p>\n\n\n\n<p>Decreto assinado ontem (18) determinou a&nbsp;<a href=\"http:\/\/agenciabrasil.ebc.com.br\/politica\/noticia\/2019-07\/governo-cria-conselho-brasil-ocde-e-revoga-centenas-de-decretos\" target=\"_blank\" rel=\"noreferrer noopener\">transfer\u00eancia<\/a>&nbsp;do Conselho Superior do Cinema do Minist\u00e9rio da Cidadania para a estrutura da Casa Civil da Presid\u00eancia da Rep\u00fablica. Ao justificar a medida, em entrevista \u00e0 imprensa, o ministro da Casa Civil, Onyx Lorenzoni, argumentou que o conselho j\u00e1 esteve na Casa Civil e que \u00e9 preciso acompanhar melhor o retorno dos investimentos p\u00fablicos no cinema.<\/p>\n\n\n\n<h2 class=\"wp-block-heading\">Caminhoneiros<\/h2>\n\n\n\n<p>Sobre uma poss\u00edvel nova paralisa\u00e7\u00e3o dos caminhoneiros por causa da tabela do frete, Bolsonaro disse que \u00e9 um direito de todos fazer greve. \u201cOs caminhoneiros s\u00e3o uma classe important\u00edssima para o Brasil\u201d, acrescentou.<\/p>\n\n\n\n<p>O presidente disse esperar que a categoria n\u00e3o fa\u00e7a paralisa\u00e7\u00e3o e destacou que o governo est\u00e1 fazendo \u201co poss\u00edvel\u201d para atender \u00e0s reivindica\u00e7\u00f5es dos caminhoneiros \u201cIsso atrapalha e muito a economia. Reconhecemos a dificuldade da carreira. Estamos prontos para continuar conversando.\u201d<\/p>\n","protected":false},"excerpt":{"rendered":"<p>O presidente Jair Bolsonaro disse hoje (19) que vai transferir a sede da Ag\u00eancia Nacional do Cinema (Ancine) do Rio de Janeiro para Bras\u00edlia. Segundo&hellip; <\/p>\n","protected":false},"author":1,"featured_media":103130,"comment_status":"closed","ping_status":"closed","sticky":false,"template":"","format":"standard","meta":{"sfsi_plus_gutenberg_text_before_share":"","sfsi_plus_gutenberg_show_text_before_share":"","sfsi_plus_gutenberg_icon_type":"","sfsi_plus_gutenberg_icon_alignemt":"","sfsi_plus_gutenburg_max_per_row":"","footnotes":""},"categories":[11],"tags":[],"class_list":["post-105705","post","type-post","status-publish","format-standard","has-post-thumbnail","hentry","category-politica"],"_links":{"self":[{"href":"https:\/\/www.caririemacao.com\/1\/wp-json\/wp\/v2\/posts\/105705","targetHints":{"allow":["GET"]}}],"collection":[{"href":"https:\/\/www.caririemacao.com\/1\/wp-json\/wp\/v2\/posts"}],"about":[{"href":"https:\/\/www.caririemacao.com\/1\/wp-json\/wp\/v2\/types\/post"}],"author":[{"embeddable":true,"href":"https:\/\/www.caririemacao.com\/1\/wp-json\/wp\/v2\/users\/1"}],"replies":[{"embeddable":true,"href":"https:\/\/www.caririemacao.com\/1\/wp-json\/wp\/v2\/comments?post=105705"}],"version-history":[{"count":1,"href":"https:\/\/www.caririemacao.com\/1\/wp-json\/wp\/v2\/posts\/105705\/revisions"}],"predecessor-version":[{"id":105707,"href":"https:\/\/www.caririemacao.com\/1\/wp-json\/wp\/v2\/posts\/105705\/revisions\/105707"}],"wp:featuredmedia":[{"embeddable":true,"href":"https:\/\/www.caririemacao.com\/1\/wp-json\/wp\/v2\/media\/103130"}],"wp:attachment":[{"href":"https:\/\/www.caririemacao.com\/1\/wp-json\/wp\/v2\/media?parent=105705"}],"wp:term":[{"taxonomy":"category","embeddable":true,"href":"https:\/\/www.caririemacao.com\/1\/wp-json\/wp\/v2\/categories?post=105705"},{"taxonomy":"post_tag","embeddable":true,"href":"https:\/\/www.caririemacao.com\/1\/wp-json\/wp\/v2\/tags?post=105705"}],"curies":[{"name":"wp","href":"https:\/\/api.w.org\/{rel}","templated":true}]}}