{"id":105711,"date":"2019-07-19T15:06:10","date_gmt":"2019-07-19T18:06:10","guid":{"rendered":"http:\/\/www.caririemacao.com\/1\/?p=105711"},"modified":"2019-07-19T15:06:10","modified_gmt":"2019-07-19T18:06:10","slug":"robos-metade-de-todos-os-tuites-de-eduardoembaixadorsim-vieram-de-so-10-pessoas","status":"publish","type":"post","link":"https:\/\/www.caririemacao.com\/1\/2019\/07\/19\/robos-metade-de-todos-os-tuites-de-eduardoembaixadorsim-vieram-de-so-10-pessoas\/","title":{"rendered":"Rob\u00f4s: Metade de todos os tu\u00edtes de #EduardoEmbaixadorSim vieram de s\u00f3 10 pessoas"},"content":{"rendered":"\n<p>Tiago Rogero na Coluna de Ancelmo Gois no Globo informa que a cada momento importante de Bolsonaro nas redes, logo aparecem as hashtags de apoio ao governo. A da vez \u00e9 #EduardoEmbaixador ou #EduardoEmbaixadorSim.<\/p>\n\n\n\n<p>De acordo com a publica\u00e7\u00e3o, mesmo depois da elei\u00e7\u00e3o, o ex\u00e9rcito virtual continua na ativa.<\/p>\n\n\n\n<p>Com a mobiliza\u00e7\u00e3o, #EduardoEmbaixadorSim chegou aos assuntos mais comentados do Twitter. S\u00f3 que metade do n\u00famero total de tu\u00edtes veio de apenas 10 pessoas. A que mais postou (35 vezes) escolheu um hor\u00e1rio curioso para demonstrar apoio ao filho do presidente: entre 2 e 3 da manh\u00e3, completa o Jornal O Globo.<\/p>\n","protected":false},"excerpt":{"rendered":"<p>Tiago Rogero na Coluna de Ancelmo Gois no Globo informa que a cada momento importante de Bolsonaro nas redes, logo aparecem as hashtags de apoio&hellip; <\/p>\n","protected":false},"author":1,"featured_media":105712,"comment_status":"closed","ping_status":"closed","sticky":false,"template":"","format":"standard","meta":{"sfsi_plus_gutenberg_text_before_share":"","sfsi_plus_gutenberg_show_text_before_share":"","sfsi_plus_gutenberg_icon_type":"","sfsi_plus_gutenberg_icon_alignemt":"","sfsi_plus_gutenburg_max_per_row":"","footnotes":""},"categories":[11],"tags":[],"class_list":["post-105711","post","type-post","status-publish","format-standard","has-post-thumbnail","hentry","category-politica"],"_links":{"self":[{"href":"https:\/\/www.caririemacao.com\/1\/wp-json\/wp\/v2\/posts\/105711","targetHints":{"allow":["GET"]}}],"collection":[{"href":"https:\/\/www.caririemacao.com\/1\/wp-json\/wp\/v2\/posts"}],"about":[{"href":"https:\/\/www.caririemacao.com\/1\/wp-json\/wp\/v2\/types\/post"}],"author":[{"embeddable":true,"href":"https:\/\/www.caririemacao.com\/1\/wp-json\/wp\/v2\/users\/1"}],"replies":[{"embeddable":true,"href":"https:\/\/www.caririemacao.com\/1\/wp-json\/wp\/v2\/comments?post=105711"}],"version-history":[{"count":1,"href":"https:\/\/www.caririemacao.com\/1\/wp-json\/wp\/v2\/posts\/105711\/revisions"}],"predecessor-version":[{"id":105713,"href":"https:\/\/www.caririemacao.com\/1\/wp-json\/wp\/v2\/posts\/105711\/revisions\/105713"}],"wp:featuredmedia":[{"embeddable":true,"href":"https:\/\/www.caririemacao.com\/1\/wp-json\/wp\/v2\/media\/105712"}],"wp:attachment":[{"href":"https:\/\/www.caririemacao.com\/1\/wp-json\/wp\/v2\/media?parent=105711"}],"wp:term":[{"taxonomy":"category","embeddable":true,"href":"https:\/\/www.caririemacao.com\/1\/wp-json\/wp\/v2\/categories?post=105711"},{"taxonomy":"post_tag","embeddable":true,"href":"https:\/\/www.caririemacao.com\/1\/wp-json\/wp\/v2\/tags?post=105711"}],"curies":[{"name":"wp","href":"https:\/\/api.w.org\/{rel}","templated":true}]}}