{"id":105723,"date":"2019-07-19T16:35:35","date_gmt":"2019-07-19T19:35:35","guid":{"rendered":"http:\/\/www.caririemacao.com\/1\/?p=105723"},"modified":"2019-07-19T16:35:35","modified_gmt":"2019-07-19T19:35:35","slug":"pm-recupera-em-serra-branca-moto-roubada-no-pe","status":"publish","type":"post","link":"https:\/\/www.caririemacao.com\/1\/2019\/07\/19\/pm-recupera-em-serra-branca-moto-roubada-no-pe\/","title":{"rendered":"PM recupera em Serra Branca moto roubada no PE"},"content":{"rendered":"\n<p>Ao realizar rondas em Serra Branca, no Cariri paraiban, a Guarni\u00e7\u00e3o comandada pelo Sargento Cust\u00f3dio, viu um moto estacionada sem placa, e ap\u00f3s fazer a consulta pelo sistema da pol\u00edcia, foi verificado que a mesma tinha sido roubada em Toritama\/PE.<br> O propriet\u00e1rio ds moto j\u00e1 foi avisado e est\u00e1 se dirigindo at\u00e9 a cidade de Serra Branca PB para vir busc\u00e1-la.<br><\/p>\n\n\n\n<p>A pessoa que estava com a moto \u00e9 morador Ba\u00fa. <\/p>\n\n\n\n<p>Ao solicitar a documenta\u00e7\u00e3o, o mesmo falou que n\u00e3o tinha e disse que a moto teria sido resultado da troca com uma pop vermelha, e posteriormente iria receber a documenta\u00e7\u00e3o.<br>Ele foi conduzido para delegacia juntamente com a moto para ser feito o boletim de ocorr\u00eancia.<br><\/p>\n","protected":false},"excerpt":{"rendered":"<p>Ao realizar rondas em Serra Branca, no Cariri paraiban, a Guarni\u00e7\u00e3o comandada pelo Sargento Cust\u00f3dio, viu um moto estacionada sem placa, e ap\u00f3s fazer a&hellip; <\/p>\n","protected":false},"author":2,"featured_media":105724,"comment_status":"closed","ping_status":"closed","sticky":false,"template":"","format":"standard","meta":{"sfsi_plus_gutenberg_text_before_share":"","sfsi_plus_gutenberg_show_text_before_share":"","sfsi_plus_gutenberg_icon_type":"","sfsi_plus_gutenberg_icon_alignemt":"","sfsi_plus_gutenburg_max_per_row":"","footnotes":""},"categories":[50,12],"tags":[],"class_list":["post-105723","post","type-post","status-publish","format-standard","has-post-thumbnail","hentry","category-destaque","category-policia"],"_links":{"self":[{"href":"https:\/\/www.caririemacao.com\/1\/wp-json\/wp\/v2\/posts\/105723","targetHints":{"allow":["GET"]}}],"collection":[{"href":"https:\/\/www.caririemacao.com\/1\/wp-json\/wp\/v2\/posts"}],"about":[{"href":"https:\/\/www.caririemacao.com\/1\/wp-json\/wp\/v2\/types\/post"}],"author":[{"embeddable":true,"href":"https:\/\/www.caririemacao.com\/1\/wp-json\/wp\/v2\/users\/2"}],"replies":[{"embeddable":true,"href":"https:\/\/www.caririemacao.com\/1\/wp-json\/wp\/v2\/comments?post=105723"}],"version-history":[{"count":1,"href":"https:\/\/www.caririemacao.com\/1\/wp-json\/wp\/v2\/posts\/105723\/revisions"}],"predecessor-version":[{"id":105725,"href":"https:\/\/www.caririemacao.com\/1\/wp-json\/wp\/v2\/posts\/105723\/revisions\/105725"}],"wp:featuredmedia":[{"embeddable":true,"href":"https:\/\/www.caririemacao.com\/1\/wp-json\/wp\/v2\/media\/105724"}],"wp:attachment":[{"href":"https:\/\/www.caririemacao.com\/1\/wp-json\/wp\/v2\/media?parent=105723"}],"wp:term":[{"taxonomy":"category","embeddable":true,"href":"https:\/\/www.caririemacao.com\/1\/wp-json\/wp\/v2\/categories?post=105723"},{"taxonomy":"post_tag","embeddable":true,"href":"https:\/\/www.caririemacao.com\/1\/wp-json\/wp\/v2\/tags?post=105723"}],"curies":[{"name":"wp","href":"https:\/\/api.w.org\/{rel}","templated":true}]}}