{"id":105726,"date":"2019-07-19T18:44:18","date_gmt":"2019-07-19T21:44:18","guid":{"rendered":"http:\/\/www.caririemacao.com\/1\/?p=105726"},"modified":"2019-07-19T18:44:18","modified_gmt":"2019-07-19T21:44:18","slug":"vazou-bolsonaro-critica-joao-azevedo-e-condena-liberacao-de-recursos-a-pb-tem-que-ter-nada-para-esse-cara","status":"publish","type":"post","link":"https:\/\/www.caririemacao.com\/1\/2019\/07\/19\/vazou-bolsonaro-critica-joao-azevedo-e-condena-liberacao-de-recursos-a-pb-tem-que-ter-nada-para-esse-cara\/","title":{"rendered":"VAZOU! Bolsonaro critica Jo\u00e3o Azev\u00eado e condena libera\u00e7\u00e3o de recursos \u00e0 PB: \u201cTem que ter nada para esse cara"},"content":{"rendered":"\n<p>O presidente Jair Bolsonaro foi flagrado nesta sexta-feira (19) atacando o governador da Para\u00edba, Jo\u00e3o Azevedo, momentos antes de um caf\u00e9 da manh\u00e3 com jornalistas, no Pal\u00e1cio do Planalto, em Bras\u00edlia. Sem perceber o que microfone estava ligado, o presidente cochicha para o ministro Onyx Lorenzoni contra o governador, sinalizando at\u00e9 o bloqueio de iniciativas em prol da Para\u00edba.<\/p>\n\n\n\n<p>\u201cO governador de Para\u00edba \u00e9 pior que esse do Maranh\u00e3o. N\u00e3o tem que ter nada para esse cara\u201d, disse o presidente antes da coletiva.<\/p>\n\n\n\n<p>Al\u00e9m do ataque ao governador paraibano, a cr\u00edtica foi endere\u00e7ada ao governador do Maranh\u00e3o, Fl\u00e1vio Dino.<\/p>\n\n\n\n<h2 class=\"wp-block-heading\"><strong>Hist\u00f3rico<\/strong><\/h2>\n\n\n\n<p>Logo ap\u00f3s ser eleito \u00e0 presid\u00eancia, o presidente j\u00e1 havia falando, em entrevista ao jornalista Boris Casoy, que n\u00e3o seria presidente dos governadores nordestinos.<\/p>\n\n\n\n<p>\u201cEm entrevista a Boris Casoy, Bolsonaro disse que vai tratar os estados de governadores que lhe fizeram oposi\u00e7\u00e3o e forma secund\u00e1ria. Um candidato \u00e0 presid\u00eancia da Rep\u00fablica n\u00e3o pode fazer uma afirma\u00e7\u00e3o dessa, isso \u00e9 discrimina\u00e7\u00e3o. Ele j\u00e1 vai com essa inten\u00e7\u00e3o\u201d, disse.<\/p>\n\n\n\n<h2 class=\"wp-block-heading\"><strong>Confira o v\u00eddeo:<\/strong><\/h2>\n\n\n\n<figure><iframe data-src=\"https:\/\/www.youtube.com\/embed\/aUtqMinO3UU\" width=\"560\" height=\"315\" allowfullscreen=\"allowfullscreen\" src=\"data:image\/svg+xml;base64,PHN2ZyB3aWR0aD0iMSIgaGVpZ2h0PSIxIiB4bWxucz0iaHR0cDovL3d3dy53My5vcmcvMjAwMC9zdmciPjwvc3ZnPg==\" class=\"lazyload\" data-load-mode=\"1\"><\/iframe><\/figure>\n\n\n\n<p><em>Portal WSCOM<\/em><\/p>\n","protected":false},"excerpt":{"rendered":"<p>O presidente Jair Bolsonaro foi flagrado nesta sexta-feira (19) atacando o governador da Para\u00edba, Jo\u00e3o Azevedo, momentos antes de um caf\u00e9 da manh\u00e3 com jornalistas,&hellip; <\/p>\n","protected":false},"author":1,"featured_media":91262,"comment_status":"closed","ping_status":"closed","sticky":false,"template":"","format":"standard","meta":{"sfsi_plus_gutenberg_text_before_share":"","sfsi_plus_gutenberg_show_text_before_share":"","sfsi_plus_gutenberg_icon_type":"","sfsi_plus_gutenberg_icon_alignemt":"","sfsi_plus_gutenburg_max_per_row":"","footnotes":""},"categories":[50,11],"tags":[],"class_list":["post-105726","post","type-post","status-publish","format-standard","has-post-thumbnail","hentry","category-destaque","category-politica"],"_links":{"self":[{"href":"https:\/\/www.caririemacao.com\/1\/wp-json\/wp\/v2\/posts\/105726","targetHints":{"allow":["GET"]}}],"collection":[{"href":"https:\/\/www.caririemacao.com\/1\/wp-json\/wp\/v2\/posts"}],"about":[{"href":"https:\/\/www.caririemacao.com\/1\/wp-json\/wp\/v2\/types\/post"}],"author":[{"embeddable":true,"href":"https:\/\/www.caririemacao.com\/1\/wp-json\/wp\/v2\/users\/1"}],"replies":[{"embeddable":true,"href":"https:\/\/www.caririemacao.com\/1\/wp-json\/wp\/v2\/comments?post=105726"}],"version-history":[{"count":1,"href":"https:\/\/www.caririemacao.com\/1\/wp-json\/wp\/v2\/posts\/105726\/revisions"}],"predecessor-version":[{"id":105728,"href":"https:\/\/www.caririemacao.com\/1\/wp-json\/wp\/v2\/posts\/105726\/revisions\/105728"}],"wp:featuredmedia":[{"embeddable":true,"href":"https:\/\/www.caririemacao.com\/1\/wp-json\/wp\/v2\/media\/91262"}],"wp:attachment":[{"href":"https:\/\/www.caririemacao.com\/1\/wp-json\/wp\/v2\/media?parent=105726"}],"wp:term":[{"taxonomy":"category","embeddable":true,"href":"https:\/\/www.caririemacao.com\/1\/wp-json\/wp\/v2\/categories?post=105726"},{"taxonomy":"post_tag","embeddable":true,"href":"https:\/\/www.caririemacao.com\/1\/wp-json\/wp\/v2\/tags?post=105726"}],"curies":[{"name":"wp","href":"https:\/\/api.w.org\/{rel}","templated":true}]}}