{"id":105734,"date":"2019-07-20T07:59:05","date_gmt":"2019-07-20T10:59:05","guid":{"rendered":"http:\/\/www.caririemacao.com\/1\/?p=105734"},"modified":"2019-07-20T07:59:05","modified_gmt":"2019-07-20T10:59:05","slug":"joao-azevedo-condena-ataque-de-bolsonaro-e-clama-a-paraiba-precisa-de-atencao-independente-das-diferencas","status":"publish","type":"post","link":"https:\/\/www.caririemacao.com\/1\/2019\/07\/20\/joao-azevedo-condena-ataque-de-bolsonaro-e-clama-a-paraiba-precisa-de-atencao-independente-das-diferencas\/","title":{"rendered":"Jo\u00e3o Azev\u00eado condena ataque de Bolsonaro e clama: \u201cA Para\u00edba precisa de aten\u00e7\u00e3o independente das diferen\u00e7as\u201d"},"content":{"rendered":"\n<p>O\u00a0governador Jo\u00e3o Azevedo\u00a0se pronunciou, na noite desta sexta-feira (19), sobre o\u00a0recente ataque do presidente Jair Bolsonaro a ele e ao governador do Maranh\u00e3o, Fl\u00e1vio Dino.\u00a0 Em seu twitter, Jo\u00e3o condenou a fala do presidente e exigiu a manuten\u00e7\u00e3o das rela\u00e7\u00f5es institucionais.<\/p>\n\n\n\n<p>\u201cA respeito das declara\u00e7\u00f5es do presidente Jair Bolsonaro, quero dizer que condenamos toda e qualquer postura que venha ferir os princ\u00edpios b\u00e1sicos da unidade federativa e as rela\u00e7\u00f5es institucionais deles decorrentes\u201d, disse.<\/p>\n\n\n\n<p>Azev\u00eado ressaltou que a \u201ca Para\u00edba e seu povo, assim como o Maranh\u00e3o e os demais estados brasileiros, existem e precisam da aten\u00e7\u00e3o do Governo Federal independentemente das diferen\u00e7as pol\u00edticas existentes\u201d.<\/p>\n\n\n\n<p>Por fim, e em tom apaziguador, o governador da Para\u00edba se colocou \u00e0 disposi\u00e7\u00e3o para manter rela\u00e7\u00e3o cordial com o presidente, mesmo com os ataques proferidos.<\/p>\n\n\n\n<p>\u201cEstaremos, neste sentido, sempre dispostos a manter as bases das rela\u00e7\u00f5es institucionais junto aos entes federativos, vigilantes \u00e0 garantia de tudo aquilo a que tem direito. Pelo seu povo. E pela sua hist\u00f3ria\u201d, declarou.<\/p>\n\n\n\n<p><em>Veja a publica\u00e7\u00e3o:<\/em><\/p>\n\n\n\n<div class=\"wp-block-image\"><figure class=\"aligncenter\"><img decoding=\"async\" data-src=\"http:\/\/deolhonocariri.com.br\/wp-content\/uploads\/2019\/07\/Sem-t%C3%ADtulo1-600x281.png\" alt=\"\" class=\"wp-image-69359 lazyload\" src=\"data:image\/svg+xml;base64,PHN2ZyB3aWR0aD0iMSIgaGVpZ2h0PSIxIiB4bWxucz0iaHR0cDovL3d3dy53My5vcmcvMjAwMC9zdmciPjwvc3ZnPg==\" style=\"--smush-placeholder-width: 600px; --smush-placeholder-aspect-ratio: 600\/281;\" \/><\/figure><\/div>\n\n\n\n<p><em>Com Wscom<\/em><\/p>\n","protected":false},"excerpt":{"rendered":"<p>O\u00a0governador Jo\u00e3o Azevedo\u00a0se pronunciou, na noite desta sexta-feira (19), sobre o\u00a0recente ataque do presidente Jair Bolsonaro a ele e ao governador do Maranh\u00e3o, Fl\u00e1vio Dino.\u00a0&hellip; <\/p>\n","protected":false},"author":2,"featured_media":100671,"comment_status":"closed","ping_status":"closed","sticky":false,"template":"","format":"standard","meta":{"sfsi_plus_gutenberg_text_before_share":"","sfsi_plus_gutenberg_show_text_before_share":"","sfsi_plus_gutenberg_icon_type":"","sfsi_plus_gutenberg_icon_alignemt":"","sfsi_plus_gutenburg_max_per_row":"","footnotes":""},"categories":[50,11],"tags":[],"class_list":["post-105734","post","type-post","status-publish","format-standard","has-post-thumbnail","hentry","category-destaque","category-politica"],"_links":{"self":[{"href":"https:\/\/www.caririemacao.com\/1\/wp-json\/wp\/v2\/posts\/105734","targetHints":{"allow":["GET"]}}],"collection":[{"href":"https:\/\/www.caririemacao.com\/1\/wp-json\/wp\/v2\/posts"}],"about":[{"href":"https:\/\/www.caririemacao.com\/1\/wp-json\/wp\/v2\/types\/post"}],"author":[{"embeddable":true,"href":"https:\/\/www.caririemacao.com\/1\/wp-json\/wp\/v2\/users\/2"}],"replies":[{"embeddable":true,"href":"https:\/\/www.caririemacao.com\/1\/wp-json\/wp\/v2\/comments?post=105734"}],"version-history":[{"count":1,"href":"https:\/\/www.caririemacao.com\/1\/wp-json\/wp\/v2\/posts\/105734\/revisions"}],"predecessor-version":[{"id":105736,"href":"https:\/\/www.caririemacao.com\/1\/wp-json\/wp\/v2\/posts\/105734\/revisions\/105736"}],"wp:featuredmedia":[{"embeddable":true,"href":"https:\/\/www.caririemacao.com\/1\/wp-json\/wp\/v2\/media\/100671"}],"wp:attachment":[{"href":"https:\/\/www.caririemacao.com\/1\/wp-json\/wp\/v2\/media?parent=105734"}],"wp:term":[{"taxonomy":"category","embeddable":true,"href":"https:\/\/www.caririemacao.com\/1\/wp-json\/wp\/v2\/categories?post=105734"},{"taxonomy":"post_tag","embeddable":true,"href":"https:\/\/www.caririemacao.com\/1\/wp-json\/wp\/v2\/tags?post=105734"}],"curies":[{"name":"wp","href":"https:\/\/api.w.org\/{rel}","templated":true}]}}