{"id":105735,"date":"2019-07-20T07:59:26","date_gmt":"2019-07-20T10:59:26","guid":{"rendered":"http:\/\/www.caririemacao.com\/1\/?p=105735"},"modified":"2019-07-20T07:59:26","modified_gmt":"2019-07-20T10:59:26","slug":"velas-fios-e-cigarros-eram-utilizados-para-torturar-crianca-de-7-anos-no-cariri-da-paraiba","status":"publish","type":"post","link":"https:\/\/www.caririemacao.com\/1\/2019\/07\/20\/velas-fios-e-cigarros-eram-utilizados-para-torturar-crianca-de-7-anos-no-cariri-da-paraiba\/","title":{"rendered":"Velas, fios e cigarros eram utilizados para torturar crian\u00e7a de 7 anos no Cariri da Para\u00edba"},"content":{"rendered":"\n<p>Velas, fios, cigarros e at\u00e9 peda\u00e7os de madeira. Esses eram os materiais utilizados pela m\u00e3e e pelo padrasto nas sess\u00f5es de tortura a que era submetido o menino de 7 anos encontrado com sinais evidentes de maus-tratos e agress\u00f5es na cidade de Boqueir\u00e3o, no Cariri da Para\u00edba. Segundo o delegado do caso, Iasley Almeida, a crian\u00e7a tamb\u00e9m passava fome e \u00e0s vezes era acorrentada como forma de castigo. A situa\u00e7\u00e3o s\u00f3 foi descoberta quando os professores do garoto desconfiaram do comportamento dele na escola.<\/p>\n\n\n\n<p>De acordo com o boletim m\u00e9dico mais recente divulgado pelo Hospital de Trauma de Campina Grande, o menino segue internado na unidade hospitalar e apresentou febre nesta quinta-feira (18), quando seria feita a cirurgia pl\u00e1stica para reconstruir parte do couro cabeludo da v\u00edtima. Por conta disso, ainda n\u00e3o h\u00e1 previs\u00e3o de alta.<\/p>\n\n\n\n<p>Laudo detectou sinais de tortura na crian\u00e7a<\/p>\n\n\n\n<p>Tanto a m\u00e3e quanto o padrasto do garoto foram presos na manh\u00e3 da quinta-feira (18) em Boqueir\u00e3o por for\u00e7a de um mandado de pris\u00e3o preventiva expedido pela Justi\u00e7a. O resultado de um laudo elaborado pelo N\u00facleo de Medicina e Odontologia Legal (Numol) atesta que a crian\u00e7a, atendida com um quadro de desnutri\u00e7\u00e3o, m\u00faltiplos ferimentos e queimaduras, era v\u00edtima de tortura.<\/p>\n\n\n\n<p>Segundo o chefe do Numol, M\u00e1rcio Leandro, o menino apresentava anemia profunda e estava muito debilitado no momento do exame. Para ele, este \u00e9 um ind\u00edcio de que o menino teria passado um extenso per\u00edodo sem receber alimenta\u00e7\u00e3o .<\/p>\n\n\n\n<p><em>Informa\u00e7\u00f5es Com OP9<\/em><\/p>\n","protected":false},"excerpt":{"rendered":"<p>Velas, fios, cigarros e at\u00e9 peda\u00e7os de madeira. Esses eram os materiais utilizados pela m\u00e3e e pelo padrasto nas sess\u00f5es de tortura a que era&hellip; <\/p>\n","protected":false},"author":1,"featured_media":105737,"comment_status":"closed","ping_status":"closed","sticky":false,"template":"","format":"standard","meta":{"sfsi_plus_gutenberg_text_before_share":"","sfsi_plus_gutenberg_show_text_before_share":"","sfsi_plus_gutenberg_icon_type":"","sfsi_plus_gutenberg_icon_alignemt":"","sfsi_plus_gutenburg_max_per_row":"","footnotes":""},"categories":[50,12],"tags":[],"class_list":["post-105735","post","type-post","status-publish","format-standard","has-post-thumbnail","hentry","category-destaque","category-policia"],"_links":{"self":[{"href":"https:\/\/www.caririemacao.com\/1\/wp-json\/wp\/v2\/posts\/105735","targetHints":{"allow":["GET"]}}],"collection":[{"href":"https:\/\/www.caririemacao.com\/1\/wp-json\/wp\/v2\/posts"}],"about":[{"href":"https:\/\/www.caririemacao.com\/1\/wp-json\/wp\/v2\/types\/post"}],"author":[{"embeddable":true,"href":"https:\/\/www.caririemacao.com\/1\/wp-json\/wp\/v2\/users\/1"}],"replies":[{"embeddable":true,"href":"https:\/\/www.caririemacao.com\/1\/wp-json\/wp\/v2\/comments?post=105735"}],"version-history":[{"count":1,"href":"https:\/\/www.caririemacao.com\/1\/wp-json\/wp\/v2\/posts\/105735\/revisions"}],"predecessor-version":[{"id":105738,"href":"https:\/\/www.caririemacao.com\/1\/wp-json\/wp\/v2\/posts\/105735\/revisions\/105738"}],"wp:featuredmedia":[{"embeddable":true,"href":"https:\/\/www.caririemacao.com\/1\/wp-json\/wp\/v2\/media\/105737"}],"wp:attachment":[{"href":"https:\/\/www.caririemacao.com\/1\/wp-json\/wp\/v2\/media?parent=105735"}],"wp:term":[{"taxonomy":"category","embeddable":true,"href":"https:\/\/www.caririemacao.com\/1\/wp-json\/wp\/v2\/categories?post=105735"},{"taxonomy":"post_tag","embeddable":true,"href":"https:\/\/www.caririemacao.com\/1\/wp-json\/wp\/v2\/tags?post=105735"}],"curies":[{"name":"wp","href":"https:\/\/api.w.org\/{rel}","templated":true}]}}