{"id":105748,"date":"2019-07-20T08:18:26","date_gmt":"2019-07-20T11:18:26","guid":{"rendered":"http:\/\/www.caririemacao.com\/1\/?p=105748"},"modified":"2019-07-20T08:18:26","modified_gmt":"2019-07-20T11:18:26","slug":"sudema-classifica-14-praias-como-improprias-para-banho-neste-final-de-semana","status":"publish","type":"post","link":"https:\/\/www.caririemacao.com\/1\/2019\/07\/20\/sudema-classifica-14-praias-como-improprias-para-banho-neste-final-de-semana\/","title":{"rendered":"Sudema classifica 14 praias como impr\u00f3prias para banho neste final de semana"},"content":{"rendered":"\n<p>O Superintend\u00eancia de Administra\u00e7\u00e3o do Meio Ambiente (Sudema) classificou 16 praias como impr\u00f3prias para banho no litoral paraibano, neste final de semana. As informa\u00e7\u00f5es s\u00e3o do relat\u00f3rio divulgado pela Superintend\u00eancia de Administra\u00e7\u00e3o do Meio Ambiente.<\/p>\n\n\n\n<p>Em contrapartida, o \u00f3rg\u00e3o classificou 40&nbsp;praias como pr\u00f3prias para o banho. Nelas, a qualidade varia entre excelente, muito boa e satisfat\u00f3ria.<\/p>\n\n\n\n<p><strong>Praias impr\u00f3prias para banho na Para\u00edba<\/strong><\/p>\n\n\n\n<p><strong>Jo\u00e3o Pessoa<\/strong><\/p>\n\n\n\n<p>Na Praia de Mana\u00edra, 100 metros \u00e0 direita e \u00e0 esquerda dos im\u00f3veis n\u00ba 315 e 1461, localizados na avenida Jo\u00e3o Maur\u00edcio, e da galeria pluvial no final da avenida Senador Ruy Carneiro;<\/p>\n\n\n\n<p>Na Praia do Cabo Branco, deve ser evitado o trecho 100 metros \u00e0 direita e \u00e0 esquerda do final da&nbsp;rua \u00c1urea, da rotat\u00f3ria ao final da avenida Cabo Branco e da desembocadura de galeria pluvial;<\/p>\n\n\n\n<p>Na Praia da Penha, em frente \u00e0&nbsp;desembocadura&nbsp;do Rio do Cabelo. Na&nbsp;Praia do&nbsp;Sol, em frente \u00e0 desembocadura do Rio Camurupim, e na&nbsp;Praia do Seixas, ao final da avenida das Fal\u00e9sias.<\/p>\n\n\n\n<p><strong>Cabedelo<\/strong><\/p>\n\n\n\n<p>Na Praia do Jacar\u00e9, na margem direita do estu\u00e1rio do rio Para\u00edba. Na&nbsp;Praia do Po\u00e7o, ao final da rua Santa Cavalcante e em&nbsp;Ponta de Campina, em frente \u00e0 galeria de \u00e1guas pluviais.<\/p>\n\n\n\n<p><strong>Pitimbu<\/strong><\/p>\n\n\n\n<p>Na Praia do Macei\u00f3, em frente \u00e0 desembocadura do Riacho Engenho Velho. J\u00e1 na Praia da Guarita, deve ser evitado o trecho a 100 metros \u00e0 direita e \u00e0 esquerda da desembocadura da lagoa.<\/p>\n\n\n\n<p>Na Praia de Aca\u00fa\/Pontinha, em frente \u00e0 desembocadura do Rio Goiana. Na&nbsp;Praia do Azul\/Santa Rita, em frente \u00e0s galerias de \u00e1guas pluviais. E na&nbsp;Praia de Ponta dos Coqueiros, em frente \u00e0 desembocadura da lagoa.<\/p>\n\n\n\n<p><strong>Lucena<\/strong><\/p>\n\n\n\n<p>Na Praia de Ponta de Lucena, deve&nbsp;evitar o trecho em frente \u00e0 desembocadura da Camboa. J\u00e1 na&nbsp;Praia da Gameleira, em frente \u00e0 desembocadura do Riacho Ara\u00e7\u00e1. E na&nbsp;Praia de Costinha, ao final da rua Ubiratan Galv\u00e3o.<\/p>\n","protected":false},"excerpt":{"rendered":"<p>O Superintend\u00eancia de Administra\u00e7\u00e3o do Meio Ambiente (Sudema) classificou 16 praias como impr\u00f3prias para banho no litoral paraibano, neste final de semana. As informa\u00e7\u00f5es s\u00e3o&hellip; <\/p>\n","protected":false},"author":1,"featured_media":105749,"comment_status":"closed","ping_status":"closed","sticky":false,"template":"","format":"standard","meta":{"sfsi_plus_gutenberg_text_before_share":"","sfsi_plus_gutenberg_show_text_before_share":"","sfsi_plus_gutenberg_icon_type":"","sfsi_plus_gutenberg_icon_alignemt":"","sfsi_plus_gutenburg_max_per_row":"","footnotes":""},"categories":[2],"tags":[],"class_list":["post-105748","post","type-post","status-publish","format-standard","has-post-thumbnail","hentry","category-geral"],"_links":{"self":[{"href":"https:\/\/www.caririemacao.com\/1\/wp-json\/wp\/v2\/posts\/105748","targetHints":{"allow":["GET"]}}],"collection":[{"href":"https:\/\/www.caririemacao.com\/1\/wp-json\/wp\/v2\/posts"}],"about":[{"href":"https:\/\/www.caririemacao.com\/1\/wp-json\/wp\/v2\/types\/post"}],"author":[{"embeddable":true,"href":"https:\/\/www.caririemacao.com\/1\/wp-json\/wp\/v2\/users\/1"}],"replies":[{"embeddable":true,"href":"https:\/\/www.caririemacao.com\/1\/wp-json\/wp\/v2\/comments?post=105748"}],"version-history":[{"count":1,"href":"https:\/\/www.caririemacao.com\/1\/wp-json\/wp\/v2\/posts\/105748\/revisions"}],"predecessor-version":[{"id":105750,"href":"https:\/\/www.caririemacao.com\/1\/wp-json\/wp\/v2\/posts\/105748\/revisions\/105750"}],"wp:featuredmedia":[{"embeddable":true,"href":"https:\/\/www.caririemacao.com\/1\/wp-json\/wp\/v2\/media\/105749"}],"wp:attachment":[{"href":"https:\/\/www.caririemacao.com\/1\/wp-json\/wp\/v2\/media?parent=105748"}],"wp:term":[{"taxonomy":"category","embeddable":true,"href":"https:\/\/www.caririemacao.com\/1\/wp-json\/wp\/v2\/categories?post=105748"},{"taxonomy":"post_tag","embeddable":true,"href":"https:\/\/www.caririemacao.com\/1\/wp-json\/wp\/v2\/tags?post=105748"}],"curies":[{"name":"wp","href":"https:\/\/api.w.org\/{rel}","templated":true}]}}