{"id":105766,"date":"2019-07-20T08:38:14","date_gmt":"2019-07-20T11:38:14","guid":{"rendered":"http:\/\/www.caririemacao.com\/1\/?p=105766"},"modified":"2019-07-20T08:38:14","modified_gmt":"2019-07-20T11:38:14","slug":"junho-teve-a-maior-temperatura-ja-registrada-para-o-mes-no-planeta","status":"publish","type":"post","link":"https:\/\/www.caririemacao.com\/1\/2019\/07\/20\/junho-teve-a-maior-temperatura-ja-registrada-para-o-mes-no-planeta\/","title":{"rendered":"Junho teve a maior temperatura j\u00e1 registrada para o m\u00eas no planeta"},"content":{"rendered":"\n<p>O m\u00eas de junho teve a temperatura mais alta j\u00e1 registrada para o m\u00eas, no planeta. O recorde abrangeu as temperaturas tanto na terra quanto no mar, segundo a Administra\u00e7\u00e3o Oce\u00e2nica e Atmosf\u00e9rica dos Estados Unidos (Noaa, na sigla em ingl\u00eas)..<\/p>\n\n\n\n<p>No acumulado de janeiro a junho, 2019 teve a maior temperatura nos \u00faltimos 140 anos. Apenas o ano de 2016 teve mais calor do que o medido neste ano.<\/p>\n\n\n\n<p>Na medi\u00e7\u00e3o da m\u00e9dia mensal, nove dos 10 meses de junho mais quentes da hist\u00f3ria ocorreram desde 2010. A exce\u00e7\u00e3o foi o calor registrado em 1998. Segundo a Noaa, foi o 43\u00ba junho consecutivo com temperaturas acima da m\u00e9dia do s\u00e9culo XX.<\/p>\n\n\n\n<p>O pico de calor foi registrado em diversas regi\u00f5es do mundo, como<a href=\"https:\/\/wmo.asu.edu\/content\/mapviewer\" target=\"_blank\" rel=\"noreferrer noopener\">&nbsp;\u00c1sia, \u00c1frica, Am\u00e9rica do Sul e Europa<\/a>. Nesta \u00faltima, uma onda de calor, que atingiu o continente, chegou a ter temperaturas at\u00e9 10\u00ba mais quentes do que a m\u00e9dia normal para a regi\u00e3o.<\/p>\n\n\n\n<p>Os dados s\u00e3o importantes para aferir o movimento de amplia\u00e7\u00e3o da temperatura do planeta, indicador chave dentro do debate de mudan\u00e7as clim\u00e1ticas. Mas segundo a Organiza\u00e7\u00e3o Mundial Meteorol\u00f3gica, outros indicadores tamb\u00e9m tiveram desempenho que demandam observa\u00e7\u00e3o. Em junho foi registrada a segunda menor extens\u00e3o de gelos do \u00c1rtico, em 41 anos.<\/p>\n\n\n\n<p>De acordo com a Organiza\u00e7\u00e3o das Na\u00e7\u00f5es Unidas, a OMM deve apresentar um relat\u00f3rio sobre o estado do clima no mundo na C\u00fapula da ONU sobre A\u00e7\u00e3o Clim\u00e1tica, marcada para setembro.<\/p>\n","protected":false},"excerpt":{"rendered":"<p>O m\u00eas de junho teve a temperatura mais alta j\u00e1 registrada para o m\u00eas, no planeta. O recorde abrangeu as temperaturas tanto na terra quanto&hellip; <\/p>\n","protected":false},"author":1,"featured_media":105767,"comment_status":"closed","ping_status":"closed","sticky":false,"template":"","format":"standard","meta":{"sfsi_plus_gutenberg_text_before_share":"","sfsi_plus_gutenberg_show_text_before_share":"","sfsi_plus_gutenberg_icon_type":"","sfsi_plus_gutenberg_icon_alignemt":"","sfsi_plus_gutenburg_max_per_row":"","footnotes":""},"categories":[2],"tags":[],"class_list":["post-105766","post","type-post","status-publish","format-standard","has-post-thumbnail","hentry","category-geral"],"_links":{"self":[{"href":"https:\/\/www.caririemacao.com\/1\/wp-json\/wp\/v2\/posts\/105766","targetHints":{"allow":["GET"]}}],"collection":[{"href":"https:\/\/www.caririemacao.com\/1\/wp-json\/wp\/v2\/posts"}],"about":[{"href":"https:\/\/www.caririemacao.com\/1\/wp-json\/wp\/v2\/types\/post"}],"author":[{"embeddable":true,"href":"https:\/\/www.caririemacao.com\/1\/wp-json\/wp\/v2\/users\/1"}],"replies":[{"embeddable":true,"href":"https:\/\/www.caririemacao.com\/1\/wp-json\/wp\/v2\/comments?post=105766"}],"version-history":[{"count":1,"href":"https:\/\/www.caririemacao.com\/1\/wp-json\/wp\/v2\/posts\/105766\/revisions"}],"predecessor-version":[{"id":105768,"href":"https:\/\/www.caririemacao.com\/1\/wp-json\/wp\/v2\/posts\/105766\/revisions\/105768"}],"wp:featuredmedia":[{"embeddable":true,"href":"https:\/\/www.caririemacao.com\/1\/wp-json\/wp\/v2\/media\/105767"}],"wp:attachment":[{"href":"https:\/\/www.caririemacao.com\/1\/wp-json\/wp\/v2\/media?parent=105766"}],"wp:term":[{"taxonomy":"category","embeddable":true,"href":"https:\/\/www.caririemacao.com\/1\/wp-json\/wp\/v2\/categories?post=105766"},{"taxonomy":"post_tag","embeddable":true,"href":"https:\/\/www.caririemacao.com\/1\/wp-json\/wp\/v2\/tags?post=105766"}],"curies":[{"name":"wp","href":"https:\/\/api.w.org\/{rel}","templated":true}]}}