{"id":105772,"date":"2019-07-20T08:42:15","date_gmt":"2019-07-20T11:42:15","guid":{"rendered":"http:\/\/www.caririemacao.com\/1\/?p=105772"},"modified":"2019-07-20T08:42:15","modified_gmt":"2019-07-20T11:42:15","slug":"lua-inspira-o-mundo-das-artes-e-da-tecnologia-ouca","status":"publish","type":"post","link":"https:\/\/www.caririemacao.com\/1\/2019\/07\/20\/lua-inspira-o-mundo-das-artes-e-da-tecnologia-ouca\/","title":{"rendered":"Lua inspira o mundo das artes e da tecnologia; ou\u00e7a"},"content":{"rendered":"\n<p>No dia 16 de julho de 1969, o ser humano iniciava uma grande jornada, que alcan\u00e7aria o ponto mais alto no dia 20 e voltaria a tocar o solo terrestre no dia 24.<\/p>\n\n\n\n<p>A s\u00e9rie de reportagem especial da R\u00e1dio Nacional conta como essa aventura inspirou artistas e desenvolveu tecnologia para o cotidiano.<\/p>\n\n\n\n<h2 class=\"wp-block-heading\">Ep. 1 &#8211; Como o homem chegou \u00e0 Lua<\/h2>\n\n\n\n<figure class=\"wp-block-image\"><img decoding=\"async\" data-src=\"http:\/\/imagens.ebc.com.br\/GJLmnF6iMZqbT8C0icVetiJMnPg=\/754x0\/smart\/http:\/\/agenciabrasil.ebc.com.br\/sites\/default\/files\/thumbnails\/image\/8903695orig.jpg?itok=Wf-WdH6W\" alt=\"APOLLO 11 CREW PORTRAIT.  REF: JSC-S69-31740.  ARMSTRONG, NEIL-A, COMMANDER; COLLINS, MICHAEL, MODULE PILOT; ALDRIN &quot;BUZZ&quot;, EDWIN E., LUNAR MODULE PILOT.\" src=\"data:image\/svg+xml;base64,PHN2ZyB3aWR0aD0iMSIgaGVpZ2h0PSIxIiB4bWxucz0iaHR0cDovL3d3dy53My5vcmcvMjAwMC9zdmciPjwvc3ZnPg==\" class=\"lazyload\" \/><\/figure>\n\n\n\n<p><strong>NASA\/Direitos reservados<\/strong><\/p>\n\n\n\n<p>A miss\u00e3o Apollo 11, que levou seres humanos a caminhar pela superf\u00edcie da Lua pela primeira vez, durou 8 dias, 3 horas, 18 minutos e 35 segundos, desde o lan\u00e7amento do foguete Saturno 5, no Centro Espacial Kennedy, na Fl\u00f3rida, at\u00e9 o pouso da c\u00e1psula que trouxe Neil Armstrong, Buzz Aldrin e Michael Collins de volta \u00e0 Terra.<\/p>\n\n\n\n<p>O civil Neil Armstrong, que tinha sido piloto de teste, era o comandante da miss\u00e3o Apollo 11; o comandante do m\u00f3dulo lunar Eagle &#8211; \u00c1guia, em ingl\u00eas &#8211; era o piloto da For\u00e7a A\u00e9rea dos Estados Unidos Michael Collins e o piloto do Eagle foi Buzz Aldrin, tamb\u00e9m militar da For\u00e7a A\u00e9rea.<\/p>\n\n\n\n<p>O Eagle tocou o solo da Lua \u00e0s 16h18, no hor\u00e1rio da Fl\u00f3rida, mas s\u00f3 \u00e0s 22h56 da noite, 23h56 aqui no Brasil, Neil Armstrong saiu do m\u00f3dulo lunar e, com o p\u00e9 esquerdo, deu aquele pequeno grande passo.<\/p>\n\n\n\n<p>Mais de 3 mil jornalistas de 56 pa\u00edses acompanharam o lan\u00e7amento da Apollo 11 no centro espacial e levaram informa\u00e7\u00f5es atualizadas ao p\u00fablico ao redor do mundo, cerca de&nbsp; um bilh\u00e3o de pessoas.<\/p>\n\n\n\n<p>Naquele 20 de julho de 1969, os Estados Unidos venciam a corrida espacial, que fazia parte da Guerra Fria travada contra a Uni\u00e3o Sovi\u00e9tica. Apesar de ser sovi\u00e9tica a primeira sonda n\u00e3o tripulada a tocar a Lua 10 anos antes, foi a Apollo 11 a primeira miss\u00e3o a levar \u00e0 Lua e trazer de volta, em seguran\u00e7a, tr\u00eas astronautas.<\/p>\n\n\n\n<p><strong>Ou\u00e7a o Ep.1 &#8211; Sat\u00e9lites americanos provam que o homem pisou na Lua h\u00e1 50 anos<\/strong>Audio Player00:0000:00<\/p>\n\n\n\n<h2 class=\"wp-block-heading\">Ep. 2 &#8211; Tecnologias desenvolvidas pelos programas espaciais<\/h2>\n\n\n\n<figure class=\"wp-block-image\"><img decoding=\"async\" data-src=\"http:\/\/imagens.ebc.com.br\/He4rt1LbvzH1_vLvr-AMf7wWg_s=\/754x0\/smart\/http:\/\/agenciabrasil.ebc.com.br\/sites\/default\/files\/thumbnails\/image\/as11-40-5902orig.jpg?itok=kBkX8I5V\" alt=\"AS11-40-5902 (20 July 1969) --- Astronaut Edwin E. Aldrin Jr., lunar module pilot, walks on the surface of the moon near a leg of the Lunar Module during the Apollo 11 extravehicular activity (EVA). Astronaut Neil A. Armstrong, Apollo 11\" src=\"data:image\/svg+xml;base64,PHN2ZyB3aWR0aD0iMSIgaGVpZ2h0PSIxIiB4bWxucz0iaHR0cDovL3d3dy53My5vcmcvMjAwMC9zdmciPjwvc3ZnPg==\" class=\"lazyload\" \/><\/figure>\n\n\n\n<p><strong>NASA\/Direitos reservados<\/strong><\/p>\n\n\n\n<p>A chegada do homem \u00e0 Lua, no dia 20 de julho de 1969, s\u00f3 foi poss\u00edvel, porque a tecnologia permitiu. Equipamentos usados pelos astronautas naquela \u00e9poca, hoje fazem parte do nosso dia a dia.<\/p>\n\n\n\n<p>Entre eles, os computadores de bordo de avi\u00f5es e carros; a comida armazenada a v\u00e1cuo, que dura muito mais tempo; mantas t\u00e9rmicas, com aquela apar\u00eancia de papel laminado, muito usadas no fim de maratonas e em resgates; sistemas de amortecimento contra terremotos; e baterias recarreg\u00e1veis para aparelhos auditivos.<\/p>\n\n\n\n<p>Chegar \u00e0 Lua trouxe conhecimentos sobre a forma\u00e7\u00e3o da Terra e do Sistema Solar, mas frustrou quem imaginava que o sat\u00e9lite seria uma fonte de recursos.<\/p>\n\n\n\n<p>A \u00faltima miss\u00e3o tripulada \u00e0 Lua foi a Apollo 17, de 1972. Desde ent\u00e3o, volta e meia algu\u00e9m fala-se em explorar o terreno lunar ou fazer turismo. At\u00e9 agora, s\u00e3o op\u00e7\u00f5es pouco vi\u00e1veis.<\/p>\n\n\n\n<p>J\u00e1 que n\u00e3o existem motivos para explorar comercialmente a Lua, ao que tudo indica est\u00e1 na hora de usar o sat\u00e9lite como um trampolim. A Nasa anunciou que astronautas v\u00e3o voltar a pisar na Lua em 2024 e, em 2028, deve instalar uma col\u00f4nia sustent\u00e1vel, para permitir a miss\u00e3o Marte, j\u00e1 na d\u00e9cada seguinte.<\/p>\n\n\n\n<p><strong>Ou\u00e7a o Ep.2 &#8211; Nasa trabalha para ter col\u00f4nia sustent\u00e1vel na Lua em 2028<\/strong>Audio Player00:0000:00<\/p>\n\n\n\n<h2 class=\"wp-block-heading\">Ep.3 &#8211; Como a Lua inspira os artistas<\/h2>\n\n\n\n<figure class=\"wp-block-image\"><img decoding=\"async\" data-src=\"http:\/\/imagens.ebc.com.br\/kLIMnom7WI1cByPGa1YcDXBbAfQ=\/754x0\/smart\/http:\/\/agenciabrasil.ebc.com.br\/sites\/default\/files\/atoms\/image\/926214-superlua%203.jpg?itok=CRkK_vcS\" alt=\"Superlua enfeita o c\u00e9u no Dia dos Pais (Marcello Casal Jr\/Ag\u00eancia Brasil)\" src=\"data:image\/svg+xml;base64,PHN2ZyB3aWR0aD0iMSIgaGVpZ2h0PSIxIiB4bWxucz0iaHR0cDovL3d3dy53My5vcmcvMjAwMC9zdmciPjwvc3ZnPg==\" class=\"lazyload\" \/><\/figure>\n\n\n\n<p>Superlua &#8211; Marcello Casal Jr\/Ag\u00eancia Brasil<\/p>\n\n\n\n<p>Que a Lua est\u00e1 na \u00f3rbita da Terra a gente j\u00e1 sabe. Mas o que orbita a Lua? Al\u00e9m de um sat\u00e9lite que fotografa bem de perto a superf\u00edcie do nosso sat\u00e9lite natural, podemos dizer que a m\u00fasica, o cinema e a astrologia. S\u00e3o associa\u00e7\u00f5es bem pouco cient\u00edficas, mas muito humanas.<\/p>\n\n\n\n<p>Ao som de um tema de John Williams, a Lua protagonizou a cena mais marcante de \u201cE.T.\u201d, em 1982.<\/p>\n\n\n\n<p>Inclusive, a Lua est\u00e1 presente no cinema desde que come\u00e7amos a apreciar as telonas. O cl\u00e1ssico \u201cViagem \u00e0 Lua\u201d \u00e9 de 1902. Depois vieram \u201cA Mulher na Lua\u201d, \u201cDestino \u00e0 Lua\u201d, \u201cO Lado Sombrio da Lua\u201d, \u201cApollo 13\u201d e, o mais recente, \u201cO Primeiro Homem\u201d. Isso sem contar os filmes de lobisomem.<\/p>\n\n\n\n<p>Mas, de acordo com astr\u00f4nomos, o filme que melhor retrata a Lua \u00e9 \u201c2001: Uma Odisseia no Espa\u00e7o\u201d, lan\u00e7ado em 1968 &#8211; um ano antes da chegada ao sat\u00e9lite.<\/p>\n\n\n\n<p>Se no cinema j\u00e1 \u00e9 assim, imagina quando o assunto \u00e9 m\u00fasica. Frank Sinatra cantando \u201c<em>Blue Moon<\/em>\u201d; David Bowie, com \u201c<em>Space Oddity<\/em>\u201d; Pink Floyd, com \u201c<em>Dark Side of The Moon<\/em>\u201d. Al\u00e9m, \u00e9 claro, daquele passinho para tr\u00e1s do Michael Jackson, o \u201c<em>Moonwalk<\/em>\u201d. Os Arctic Monkeys abriram um hotel e cassino no local onde o m\u00f3dulo lunar da Apollo 11 pousou, em 20 de julho de 1969, o Mar da Tranquilidade, que, em ingl\u00eas, \u00e9 a \u201c<em>Tranquility Base<\/em>\u201d.<\/p>\n\n\n\n<p>Por aqui, Cely Campello fez hist\u00f3ria ao lan\u00e7ar uma das m\u00fasicas que inaugurou o rock no Brasil, \u201cBanho de Lua\u201d. O Rei, Roberto Carlos, foi procurar uma namoradinha, em \u201cNa Lua N\u00e3o H\u00e1\u201d. E Os Paralamas do Sucesso, fizeram poesia em \u201cTendo a Lua\u201d.<\/p>\n\n\n\n<p><strong>Ou\u00e7a o Ep.3 &#8211; Confira as m\u00fasicas e filmes que orbitam a Lua<\/strong>Audio Player<br><\/p>\n","protected":false},"excerpt":{"rendered":"<p>No dia 16 de julho de 1969, o ser humano iniciava uma grande jornada, que alcan\u00e7aria o ponto mais alto no dia 20 e voltaria&hellip; <\/p>\n","protected":false},"author":1,"featured_media":58901,"comment_status":"closed","ping_status":"closed","sticky":false,"template":"","format":"standard","meta":{"sfsi_plus_gutenberg_text_before_share":"","sfsi_plus_gutenberg_show_text_before_share":"","sfsi_plus_gutenberg_icon_type":"","sfsi_plus_gutenberg_icon_alignemt":"","sfsi_plus_gutenburg_max_per_row":"","footnotes":""},"categories":[2],"tags":[],"class_list":["post-105772","post","type-post","status-publish","format-standard","has-post-thumbnail","hentry","category-geral"],"_links":{"self":[{"href":"https:\/\/www.caririemacao.com\/1\/wp-json\/wp\/v2\/posts\/105772","targetHints":{"allow":["GET"]}}],"collection":[{"href":"https:\/\/www.caririemacao.com\/1\/wp-json\/wp\/v2\/posts"}],"about":[{"href":"https:\/\/www.caririemacao.com\/1\/wp-json\/wp\/v2\/types\/post"}],"author":[{"embeddable":true,"href":"https:\/\/www.caririemacao.com\/1\/wp-json\/wp\/v2\/users\/1"}],"replies":[{"embeddable":true,"href":"https:\/\/www.caririemacao.com\/1\/wp-json\/wp\/v2\/comments?post=105772"}],"version-history":[{"count":1,"href":"https:\/\/www.caririemacao.com\/1\/wp-json\/wp\/v2\/posts\/105772\/revisions"}],"predecessor-version":[{"id":105773,"href":"https:\/\/www.caririemacao.com\/1\/wp-json\/wp\/v2\/posts\/105772\/revisions\/105773"}],"wp:featuredmedia":[{"embeddable":true,"href":"https:\/\/www.caririemacao.com\/1\/wp-json\/wp\/v2\/media\/58901"}],"wp:attachment":[{"href":"https:\/\/www.caririemacao.com\/1\/wp-json\/wp\/v2\/media?parent=105772"}],"wp:term":[{"taxonomy":"category","embeddable":true,"href":"https:\/\/www.caririemacao.com\/1\/wp-json\/wp\/v2\/categories?post=105772"},{"taxonomy":"post_tag","embeddable":true,"href":"https:\/\/www.caririemacao.com\/1\/wp-json\/wp\/v2\/tags?post=105772"}],"curies":[{"name":"wp","href":"https:\/\/api.w.org\/{rel}","templated":true}]}}