{"id":105789,"date":"2019-07-20T10:14:02","date_gmt":"2019-07-20T13:14:02","guid":{"rendered":"http:\/\/www.caririemacao.com\/1\/?p=105789"},"modified":"2019-07-20T10:14:02","modified_gmt":"2019-07-20T13:14:02","slug":"homem-morre-apos-colidir-moto-na-traseira-de-caminhao-no-cariri","status":"publish","type":"post","link":"https:\/\/www.caririemacao.com\/1\/2019\/07\/20\/homem-morre-apos-colidir-moto-na-traseira-de-caminhao-no-cariri\/","title":{"rendered":"Homem morre ap\u00f3s colidir moto na traseira de caminh\u00e3o no Cariri"},"content":{"rendered":"\n<p>Um homem morreu na final da noite desta sexta-feira(19), no centro da cidade de Tapero\u00e1, Cariri da Para\u00edba, ap\u00f3s colidir sua moto na traseira de um caminh\u00e3o parado.<\/p>\n\n\n\n<p>Segundo informa\u00e7\u00f5es, por volta das 23hs, um homem conhecido por Toinho que residia no S\u00edtio Mineiro da Volta, colidiu fortemente a sua moto titan 150 cor preta na traseira de um caminh\u00e3o ba\u00fa que estava estacionado na Rua C\u00edcero de Farias.<\/p>\n\n\n\n<p>A unidade m\u00f3vel do SAMU chegou a ser acionada, mas ao chegar no local do acidente, constatou a morte do taperoaense.<\/p>\n\n\n\n<p>O destacamento policial de Tapero\u00e1 tamb\u00e9m esteve no local tomando os procedimentos de praxe.<\/p>\n","protected":false},"excerpt":{"rendered":"<p>Um homem morreu na final da noite desta sexta-feira(19), no centro da cidade de Tapero\u00e1, Cariri da Para\u00edba, ap\u00f3s colidir sua moto na traseira de&hellip; <\/p>\n","protected":false},"author":1,"featured_media":105790,"comment_status":"closed","ping_status":"closed","sticky":false,"template":"","format":"standard","meta":{"sfsi_plus_gutenberg_text_before_share":"","sfsi_plus_gutenberg_show_text_before_share":"","sfsi_plus_gutenberg_icon_type":"","sfsi_plus_gutenberg_icon_alignemt":"","sfsi_plus_gutenburg_max_per_row":"","footnotes":""},"categories":[2],"tags":[],"class_list":["post-105789","post","type-post","status-publish","format-standard","has-post-thumbnail","hentry","category-geral"],"_links":{"self":[{"href":"https:\/\/www.caririemacao.com\/1\/wp-json\/wp\/v2\/posts\/105789","targetHints":{"allow":["GET"]}}],"collection":[{"href":"https:\/\/www.caririemacao.com\/1\/wp-json\/wp\/v2\/posts"}],"about":[{"href":"https:\/\/www.caririemacao.com\/1\/wp-json\/wp\/v2\/types\/post"}],"author":[{"embeddable":true,"href":"https:\/\/www.caririemacao.com\/1\/wp-json\/wp\/v2\/users\/1"}],"replies":[{"embeddable":true,"href":"https:\/\/www.caririemacao.com\/1\/wp-json\/wp\/v2\/comments?post=105789"}],"version-history":[{"count":1,"href":"https:\/\/www.caririemacao.com\/1\/wp-json\/wp\/v2\/posts\/105789\/revisions"}],"predecessor-version":[{"id":105791,"href":"https:\/\/www.caririemacao.com\/1\/wp-json\/wp\/v2\/posts\/105789\/revisions\/105791"}],"wp:featuredmedia":[{"embeddable":true,"href":"https:\/\/www.caririemacao.com\/1\/wp-json\/wp\/v2\/media\/105790"}],"wp:attachment":[{"href":"https:\/\/www.caririemacao.com\/1\/wp-json\/wp\/v2\/media?parent=105789"}],"wp:term":[{"taxonomy":"category","embeddable":true,"href":"https:\/\/www.caririemacao.com\/1\/wp-json\/wp\/v2\/categories?post=105789"},{"taxonomy":"post_tag","embeddable":true,"href":"https:\/\/www.caririemacao.com\/1\/wp-json\/wp\/v2\/tags?post=105789"}],"curies":[{"name":"wp","href":"https:\/\/api.w.org\/{rel}","templated":true}]}}