{"id":105796,"date":"2019-07-20T10:38:16","date_gmt":"2019-07-20T13:38:16","guid":{"rendered":"http:\/\/www.caririemacao.com\/1\/?p=105796"},"modified":"2019-07-20T10:38:16","modified_gmt":"2019-07-20T13:38:16","slug":"eleicoes-2020-apos-conversa-com-dr-neto-eden-duarte-confirma-pre-candidatura-a-reeleicao","status":"publish","type":"post","link":"https:\/\/www.caririemacao.com\/1\/2019\/07\/20\/eleicoes-2020-apos-conversa-com-dr-neto-eden-duarte-confirma-pre-candidatura-a-reeleicao\/","title":{"rendered":"Elei\u00e7\u00f5es 2020: Ap\u00f3s conversa com Dr. Neto, \u00c9den Duarte confirma pr\u00e9-candidatura a reelei\u00e7\u00e3o"},"content":{"rendered":"\n<p>Durante o programa Cariri em A\u00e7\u00e3o apresentado na manh\u00e3 deste\ns\u00e1bado (20) pelo radialista Marivaldo Alc\u00e2ntara na 95 FM, o prefeito de Sum\u00e9,\n\u00c9den Duarte falou de v\u00e1rios temas abordados, entre eles, Gest\u00e3o Municipal e Pol\u00edtica.\n<\/p>\n\n\n\n<p>Em rela\u00e7\u00e3o \u00e0 pol\u00edtica, o prefeito \u00c9den confirmou que \u00e9 pr\u00e9-candidato a reelei\u00e7\u00e3o nas elei\u00e7\u00f5es do pr\u00f3ximo ano. <\/p>\n\n\n\n<p>\u00c9den, que venceu as elei\u00e7\u00f5es com o apoio do ent\u00e3o prefeito\nDr. Neto, disse que s\u00f3 tomou efetivamente esta decis\u00e3o ap\u00f3s conversar com o ex-prefeito.\nSegundo \u00c9den, o ex-prefeito disse que n\u00e3o iria disputar o pleito e que teria\nseu total apoio \u00e0 reelei\u00e7\u00e3o.<\/p>\n\n\n\n<p>\u201cDr. Neto \u00e9 mais que um l\u00edder pol\u00edtico, ele \u00e9 um pai, que sempre nos ajudou e eu tinha que conversar com ele antes para saber qual sua opini\u00e3o. Se ele tivesse falado que iria disputar as elei\u00e7\u00f5es, eu n\u00e3o ia pra reelei\u00e7\u00e3o. Eu ia apoi\u00e1-lo. Eu sou uma pessoa coerente e justa. Da mesma forma que ele me apoiou, eu iria retribuir este apoio, at\u00e9 porque Dr. Neto foi um grande prefeito e deixou um legado enorme, n\u00e3o s\u00f3 para Sum\u00e9, mas para a regi\u00e3o, servindo de exemplo para muitos prefeitos,\u201d comentou.<\/p>\n","protected":false},"excerpt":{"rendered":"<p>Durante o programa Cariri em A\u00e7\u00e3o apresentado na manh\u00e3 deste s\u00e1bado (20) pelo radialista Marivaldo Alc\u00e2ntara na 95 FM, o prefeito de Sum\u00e9, \u00c9den Duarte&hellip; <\/p>\n","protected":false},"author":2,"featured_media":105809,"comment_status":"closed","ping_status":"closed","sticky":false,"template":"","format":"standard","meta":{"sfsi_plus_gutenberg_text_before_share":"","sfsi_plus_gutenberg_show_text_before_share":"","sfsi_plus_gutenberg_icon_type":"","sfsi_plus_gutenberg_icon_alignemt":"","sfsi_plus_gutenburg_max_per_row":"","footnotes":""},"categories":[50,11],"tags":[],"class_list":["post-105796","post","type-post","status-publish","format-standard","has-post-thumbnail","hentry","category-destaque","category-politica"],"_links":{"self":[{"href":"https:\/\/www.caririemacao.com\/1\/wp-json\/wp\/v2\/posts\/105796","targetHints":{"allow":["GET"]}}],"collection":[{"href":"https:\/\/www.caririemacao.com\/1\/wp-json\/wp\/v2\/posts"}],"about":[{"href":"https:\/\/www.caririemacao.com\/1\/wp-json\/wp\/v2\/types\/post"}],"author":[{"embeddable":true,"href":"https:\/\/www.caririemacao.com\/1\/wp-json\/wp\/v2\/users\/2"}],"replies":[{"embeddable":true,"href":"https:\/\/www.caririemacao.com\/1\/wp-json\/wp\/v2\/comments?post=105796"}],"version-history":[{"count":1,"href":"https:\/\/www.caririemacao.com\/1\/wp-json\/wp\/v2\/posts\/105796\/revisions"}],"predecessor-version":[{"id":105810,"href":"https:\/\/www.caririemacao.com\/1\/wp-json\/wp\/v2\/posts\/105796\/revisions\/105810"}],"wp:featuredmedia":[{"embeddable":true,"href":"https:\/\/www.caririemacao.com\/1\/wp-json\/wp\/v2\/media\/105809"}],"wp:attachment":[{"href":"https:\/\/www.caririemacao.com\/1\/wp-json\/wp\/v2\/media?parent=105796"}],"wp:term":[{"taxonomy":"category","embeddable":true,"href":"https:\/\/www.caririemacao.com\/1\/wp-json\/wp\/v2\/categories?post=105796"},{"taxonomy":"post_tag","embeddable":true,"href":"https:\/\/www.caririemacao.com\/1\/wp-json\/wp\/v2\/tags?post=105796"}],"curies":[{"name":"wp","href":"https:\/\/api.w.org\/{rel}","templated":true}]}}