{"id":105797,"date":"2019-07-20T10:29:32","date_gmt":"2019-07-20T13:29:32","guid":{"rendered":"http:\/\/www.caririemacao.com\/1\/?p=105797"},"modified":"2019-07-20T10:29:32","modified_gmt":"2019-07-20T13:29:32","slug":"julho-amarelo-conscientiza-brasileiros-sobre-sintomas-do-sarcoma","status":"publish","type":"post","link":"https:\/\/www.caririemacao.com\/1\/2019\/07\/20\/julho-amarelo-conscientiza-brasileiros-sobre-sintomas-do-sarcoma\/","title":{"rendered":"Julho Amarelo conscientiza brasileiros sobre sintomas do sarcoma"},"content":{"rendered":"\n<p>Sarcoma, um tipo de c\u00e2ncer que pode acometer os tecidos moles, como m\u00fasculo, gordura, tecido conjuntivo ou \u00f3sseo, normalmente \u00e9 diagnosticado tardiamente por falta de conhecimento sobre o tema. Os principais sintomas, que s\u00e3o dores no corpo, s\u00e3o comuns a outras doen\u00e7as e les\u00f5es, e exames iniciais, como raio-X, podem n\u00e3o ser suficientes para o diagn\u00f3stico.<br><\/p>\n\n\n\n<p>O conhecimento \u00e9 o melhor caminho para identificar a doen\u00e7a ainda em suas fases iniciais. Qualquer n\u00f3dulo do tamanho de uma bola de golfe, aproximadamente 4,3 cm, pouco maior do que uma bolinha de ping-pong, deve ser investigado por um especialista, pois pode ser um sarcoma.<\/p>\n\n\n\n<p>Nos Estados Unidos, a Sarcoma Foundation of America promove a campanha Julho Amarelo, para incentivar o diagn\u00f3stico precoce, facilitando o tratamento e aumentando as chances de cura. No Brasil, m\u00e9dicos como a oncologista cl\u00ednica Veridiana Camargo, especialista em sarcomas \u00f3sseos e de partes moles da cl\u00ednica OncoStar e do Instituto do C\u00e2ncer do Estado de S\u00e3o Paulo (ICESP), explica a import\u00e2ncia da campanha para os brasileiros.<\/p>\n\n\n\n<p>\u201cOs sarcomas s\u00e3o diagnosticados j\u00e1 em fases avan\u00e7adas, porque n\u00e3o discutimos muito sobre o tema. Em crian\u00e7as e jovens \u00e9 ainda mais dif\u00edcil encontrar a causa dos incha\u00e7os e dores no corpo, j\u00e1 que costumam ser muito ativas e se machucam brincando. Da\u00ed, um n\u00f3dulo de sarcoma pode ser confundido com uma les\u00e3o simples\u201d.<\/p>\n\n\n\n<p>Segundo a especialista, a campanha tem como objetivo principal alertar sobre os tipos e dores e fomentar o diagn\u00f3stico precoce para aumentar as chances de cura. \u201cO paciente que est\u00e1 com dor, ou o v\u00ea o aparecimento de algum n\u00f3dulo, do tamanho de uma bola de golfe, que esteja crescendo ou que seja vis\u00edvel, o ideal \u00e9 que procure um especialista. N\u00e3o tem nenhum exame preventivo, como a mamografia ou a colonoscopia, ent\u00e3o o sarcoma \u00e9 olhar, ser examinado, isso \u00e9 o mais importante, e a resson\u00e2ncia e a tomografia v\u00e3o ajudar depois\u201d.<\/p>\n\n\n\n<p>Existem mais de 50 subtipos de sarcoma. A nomenclatura do tipo de sarcoma depende do tecido em que ele se originou.&nbsp; O lipossarcoma \u00e9 aquele que se origina no tecido gorduroso; leiomiossarcoma se origina no m\u00fasculo liso (m\u00fasculo que fica ao redor das al\u00e7as de intestino e na parede de vasos sangu\u00edneos); e o rabdomiossarcoma se origina nos m\u00fasculos estriados (respons\u00e1veis pela movimenta\u00e7\u00e3o do corpo). Os exames principais para o diagn\u00f3stico s\u00e3o a tomografia ou a resson\u00e2ncia da regi\u00e3o acometida.<\/p>\n\n\n\n<p>Veridiana disse que \u201c80% dos casos de sarcoma s\u00e3o em adultos, acima dos 40 anos, geralmente em partes moles. J\u00e1 os outros 20% s\u00e3o diagnosticados em crian\u00e7as e adolescentes, sendo os mais comuns os \u00f3sseos, como o osteossarcoma e o sarcoma de Ewing, e os rabdomiossarcomas, que ficam entre m\u00fasculos e ossos\u201d.<\/p>\n\n\n\n<p>Adolescentes com dores e edemas persistentes na regi\u00e3o do joelho merecem uma aten\u00e7\u00e3o especial e investiga\u00e7\u00e3o do caso com raio-X ou outros exames de imagem, o que ajuda no diagn\u00f3stico diferencial de tumores \u00f3sseos benignos e malignos. \u201cIncha\u00e7o abdominal, muitas vezes sem emagrecimento associado, podem tamb\u00e9m indicar sarcoma. Tamb\u00e9m \u00e9 importante ficar atento a sangramento nas fezes associado a anemia, pois pode ser um tumor gastrointestinal\u201d.<\/p>\n\n\n\n<p>A m\u00e9dica explica que como o Brasil \u00e9 um pa\u00eds com bastante jovens, os sarcomas \u00f3sseos tem uma certa incid\u00eancia. \u201cE os sarcomas relacionados \u00e0 inf\u00e2ncia e \u00e0 adolesc\u00eancia t\u00eam uma incid\u00eancia alta, como o rabdomiossarcoma, os osteossarcoma e entre os de partes moles, nos adultos, tem os leiomiossarcoma e os lipossarcomas\u201d.<\/p>\n\n\n\n<p>A incid\u00eancia exata desse tipo de c\u00e2ncer no Pa\u00eds ainda \u00e9 desconhecida. O Instituto Nacional do C\u00e2ncer (INCA) n\u00e3o registra o total de pacientes acometidos por esse tipo de tumor. De acordo com o artigo cient\u00edfico que analisou a incid\u00eancia de c\u00e2ncer nos cinco continentes, estima-se que a incid\u00eancia seja de 4 a 6 mil casos ao ano no Brasil. Nos Estados Unidos, o n\u00famero \u00e9 ainda mais elevado, s\u00e3o 12 mil casos ao ano.<\/p>\n\n\n\n<p>O tratamento principal \u00e9 a cirurgia. \u201cO que temos ressaltado nesse Julho Amarelo tamb\u00e9m \u00e9 que a cirurgia tem que ser feita por especialista, ou seja, um ortopedista oncol\u00f3gico, ou um cirurgi\u00e3o oncol\u00f3gico, porque precisa ser removida toda a parte de musculatura normal para que esse tumor n\u00e3o volte nesse mesmo lugar. Quando est\u00e1 com mais de 5 cent\u00edmetros e \u00e9 considerado agressivo pelo patologista, \u00e9 importante fazer a radioterapia. J\u00e1 a quimioterapia a gente discute caso a caso\u201d, explica a especialista.<\/p>\n\n\n\n<p>Fam\u00edlias com s\u00edndromes heredit\u00e1rias, como Li-Fraumeni e Neurofibromatose, devem ser acompanhadas com uma maior aten\u00e7\u00e3o pelo alto risco de desenvolver sarcoma, por\u00e9m n\u00e3o existe exame preventivo. \u201cHavendo dor persistente em regi\u00f5es do corpo, como coxas, joelhos e bra\u00e7os, \u00e9 sempre importante tentar sentir se h\u00e1 presen\u00e7a de n\u00f3dulo no local. Os exames indicados para um diagn\u00f3stico correto s\u00e3o tomografia e resson\u00e2ncia, mas, em alguns casos, o raio-X pode captar a presen\u00e7a do n\u00f3dulo. Em suspeita dos sintomas, consulte um oncologista para que o tratamento seja iniciado o quanto antes\u201d, finaliza a m\u00e9dica.<\/p>\n","protected":false},"excerpt":{"rendered":"<p>Sarcoma, um tipo de c\u00e2ncer que pode acometer os tecidos moles, como m\u00fasculo, gordura, tecido conjuntivo ou \u00f3sseo, normalmente \u00e9 diagnosticado tardiamente por falta de&hellip; <\/p>\n","protected":false},"author":1,"featured_media":105798,"comment_status":"closed","ping_status":"closed","sticky":false,"template":"","format":"standard","meta":{"sfsi_plus_gutenberg_text_before_share":"","sfsi_plus_gutenberg_show_text_before_share":"","sfsi_plus_gutenberg_icon_type":"","sfsi_plus_gutenberg_icon_alignemt":"","sfsi_plus_gutenburg_max_per_row":"","footnotes":""},"categories":[16],"tags":[],"class_list":["post-105797","post","type-post","status-publish","format-standard","has-post-thumbnail","hentry","category-saude"],"_links":{"self":[{"href":"https:\/\/www.caririemacao.com\/1\/wp-json\/wp\/v2\/posts\/105797","targetHints":{"allow":["GET"]}}],"collection":[{"href":"https:\/\/www.caririemacao.com\/1\/wp-json\/wp\/v2\/posts"}],"about":[{"href":"https:\/\/www.caririemacao.com\/1\/wp-json\/wp\/v2\/types\/post"}],"author":[{"embeddable":true,"href":"https:\/\/www.caririemacao.com\/1\/wp-json\/wp\/v2\/users\/1"}],"replies":[{"embeddable":true,"href":"https:\/\/www.caririemacao.com\/1\/wp-json\/wp\/v2\/comments?post=105797"}],"version-history":[{"count":1,"href":"https:\/\/www.caririemacao.com\/1\/wp-json\/wp\/v2\/posts\/105797\/revisions"}],"predecessor-version":[{"id":105799,"href":"https:\/\/www.caririemacao.com\/1\/wp-json\/wp\/v2\/posts\/105797\/revisions\/105799"}],"wp:featuredmedia":[{"embeddable":true,"href":"https:\/\/www.caririemacao.com\/1\/wp-json\/wp\/v2\/media\/105798"}],"wp:attachment":[{"href":"https:\/\/www.caririemacao.com\/1\/wp-json\/wp\/v2\/media?parent=105797"}],"wp:term":[{"taxonomy":"category","embeddable":true,"href":"https:\/\/www.caririemacao.com\/1\/wp-json\/wp\/v2\/categories?post=105797"},{"taxonomy":"post_tag","embeddable":true,"href":"https:\/\/www.caririemacao.com\/1\/wp-json\/wp\/v2\/tags?post=105797"}],"curies":[{"name":"wp","href":"https:\/\/api.w.org\/{rel}","templated":true}]}}