{"id":105812,"date":"2019-07-21T07:47:58","date_gmt":"2019-07-21T10:47:58","guid":{"rendered":"http:\/\/www.caririemacao.com\/1\/?p=105812"},"modified":"2019-07-21T07:47:58","modified_gmt":"2019-07-21T10:47:58","slug":"sao-sebastiao-do-umbuzeiro-recebe-pesquisador-da-ufpb-sobre-as-potencialidades-do-leite-de-cabra","status":"publish","type":"post","link":"https:\/\/www.caririemacao.com\/1\/2019\/07\/21\/sao-sebastiao-do-umbuzeiro-recebe-pesquisador-da-ufpb-sobre-as-potencialidades-do-leite-de-cabra\/","title":{"rendered":"S\u00e3o Sebasti\u00e3o do Umbuzeiro recebe Pesquisador da UFPB sobre as potencialidades do Leite de Cabra"},"content":{"rendered":"\n<p>Nesta sexta-feira (19), S\u00e3o Sebasti\u00e3o do Umbuzeiro, recebeu atrav\u00e9s da\u00a0<em>Secretaria<\/em>\u00a0Municipal de Assist\u00eancia Social e\u00a0<em>Desenvolvimento Humano,<\/em>\u00a0uma pesquisadora da (UFPB) Universidade Federal da Para\u00edba, para realizar uma pesquisa que possui como objetivo principal avaliar as potencialidades do leite de cabra na promo\u00e7\u00e3o da seguran\u00e7a alimentar e nutricional de fam\u00edlias beneficiadas pelo programa do leite da Para\u00edba.<\/p>\n\n\n\n<p>A Pesquisa foi realizada pela Pesquisadora Anne Braz Rom\u00e3o Guedes, com as pessoas beneficiaras do Programa no munic\u00edpio, todos participaram voluntariamente do estudo, onde foram coletados alguns dados no question\u00e1rio que contem vari\u00e1veis socioecon\u00f4micas, demogr\u00e1ficas e de consumo alimentar e a verifica\u00e7\u00e3o da estatura e o peso das crian\u00e7as de 2 a 12 anos.<\/p>\n\n\n\n<p>Com esta pesquisa esperamos trazer dados importantes, relevantes voltados a seguran\u00e7a alimentar, bem como, fatores socioecon\u00f4micos, demogr\u00e1ficos, consumo alimentar, dados antropom\u00e9tricos, sobre o consumo do leite de cabra e seus derivados dos benefici\u00e1rios do Programa Leite da Para\u00edba com o leite de cabra, no munic\u00edpio de S\u00e3o Sebasti\u00e3o do Umbuzeiro. Comentou a pesquisadora Anne Braz<\/p>\n","protected":false},"excerpt":{"rendered":"<p>Nesta sexta-feira (19), S\u00e3o Sebasti\u00e3o do Umbuzeiro, recebeu atrav\u00e9s da\u00a0Secretaria\u00a0Municipal de Assist\u00eancia Social e\u00a0Desenvolvimento Humano,\u00a0uma pesquisadora da (UFPB) Universidade Federal da Para\u00edba, para realizar uma&hellip; <\/p>\n","protected":false},"author":1,"featured_media":105813,"comment_status":"closed","ping_status":"closed","sticky":false,"template":"","format":"standard","meta":{"sfsi_plus_gutenberg_text_before_share":"","sfsi_plus_gutenberg_show_text_before_share":"","sfsi_plus_gutenberg_icon_type":"","sfsi_plus_gutenberg_icon_alignemt":"","sfsi_plus_gutenburg_max_per_row":"","footnotes":""},"categories":[6,50],"tags":[],"class_list":["post-105812","post","type-post","status-publish","format-standard","has-post-thumbnail","hentry","category-cidades","category-destaque"],"_links":{"self":[{"href":"https:\/\/www.caririemacao.com\/1\/wp-json\/wp\/v2\/posts\/105812","targetHints":{"allow":["GET"]}}],"collection":[{"href":"https:\/\/www.caririemacao.com\/1\/wp-json\/wp\/v2\/posts"}],"about":[{"href":"https:\/\/www.caririemacao.com\/1\/wp-json\/wp\/v2\/types\/post"}],"author":[{"embeddable":true,"href":"https:\/\/www.caririemacao.com\/1\/wp-json\/wp\/v2\/users\/1"}],"replies":[{"embeddable":true,"href":"https:\/\/www.caririemacao.com\/1\/wp-json\/wp\/v2\/comments?post=105812"}],"version-history":[{"count":1,"href":"https:\/\/www.caririemacao.com\/1\/wp-json\/wp\/v2\/posts\/105812\/revisions"}],"predecessor-version":[{"id":105814,"href":"https:\/\/www.caririemacao.com\/1\/wp-json\/wp\/v2\/posts\/105812\/revisions\/105814"}],"wp:featuredmedia":[{"embeddable":true,"href":"https:\/\/www.caririemacao.com\/1\/wp-json\/wp\/v2\/media\/105813"}],"wp:attachment":[{"href":"https:\/\/www.caririemacao.com\/1\/wp-json\/wp\/v2\/media?parent=105812"}],"wp:term":[{"taxonomy":"category","embeddable":true,"href":"https:\/\/www.caririemacao.com\/1\/wp-json\/wp\/v2\/categories?post=105812"},{"taxonomy":"post_tag","embeddable":true,"href":"https:\/\/www.caririemacao.com\/1\/wp-json\/wp\/v2\/tags?post=105812"}],"curies":[{"name":"wp","href":"https:\/\/api.w.org\/{rel}","templated":true}]}}