{"id":105821,"date":"2019-07-21T07:55:13","date_gmt":"2019-07-21T10:55:13","guid":{"rendered":"http:\/\/www.caririemacao.com\/1\/?p=105821"},"modified":"2019-07-21T07:55:13","modified_gmt":"2019-07-21T10:55:13","slug":"bolsonaro-anuncia-corte-de-r-25-bilhoes-no-orcamento-uma-merreca","status":"publish","type":"post","link":"https:\/\/www.caririemacao.com\/1\/2019\/07\/21\/bolsonaro-anuncia-corte-de-r-25-bilhoes-no-orcamento-uma-merreca\/","title":{"rendered":"Bolsonaro anuncia corte de R$ 2,5 bilh\u00f5es no or\u00e7amento: &#8221;Uma merreca&#8221;"},"content":{"rendered":"\n<p>Sem ainda definir que \u00e1rea ser\u00e1 afetada, o presidente Jair Bolsonaro anunciou, neste s\u00e1bado (20\/7), que o governo federal deve bloquear mais R$ 2,5 bilh\u00f5es de algum minist\u00e9rio.&nbsp;<\/p>\n\n\n\n<p>O an\u00fancio ocorreu na porta do Pal\u00e1cio da Alvorada. &#8220;Estamos no sufoco e queremos evitar que o governo pare, dado ao Or\u00e7amento nosso (estar) completamente comprometido\u201d, disse o presidente. Ele tamb\u00e9m afirmou que prefere &#8220;matar um minist\u00e9rio s\u00f3\u201d do que seis ou sete&#8221;.&nbsp;<\/p>\n\n\n\n<p>Bolsonaro acrescentou que o valor \u00e9 pequeno. &#8220;Uma merreca. Concorda que \u00e9 uma merreca, perto do or\u00e7amento trilion\u00e1rio nosso? \u00c9 pouca coisa num or\u00e7amento de trilh\u00e3o. Dois bilh\u00f5es e meio \u00e9 pouco, o que estamos decidindo com a equipe econ\u00f4mica. Estou sendo obrigado a decidir&#8221;, prosseguiu.<\/p>\n\n\n\n<p>O bloqueio no or\u00e7amento \u00e9 uma medida para que o governo cumpra a meta fiscal ao fim do ano, que permite um rombo de at\u00e9 R$ 139 bilh\u00f5es. Ainda de acordo com o presidente, a medida \u00e9 necess\u00e1ria para que ele n\u00e3o perca o cargo. &#8220;O que est\u00e1 sendo estudado, que deve ser anunciado, \u00e9 infelizmente daqui uns dias mais um corte. Caso contr\u00e1rio, eu pedalo, entro na Lei de Responsabilidade Fiscal. \u00c9 o impeachment contra mim&#8221;, justificou.<\/p>\n\n\n\n<p><strong>Corte na Educa\u00e7\u00e3o<br><\/strong><\/p>\n\n\n\n<p>O primeiro minist\u00e9rio atingindo com corte de verbas foi o Minist\u00e9rio da Educa\u00e7\u00e3o (MEC), que bloqueou 30% no or\u00e7amento de todas as universidades e institutos federais. De acordo com a pasta, o bloqueio atingiu 3,4% do or\u00e7amento total das universidades.<\/p>\n","protected":false},"excerpt":{"rendered":"<p>Sem ainda definir que \u00e1rea ser\u00e1 afetada, o presidente Jair Bolsonaro anunciou, neste s\u00e1bado (20\/7), que o governo federal deve bloquear mais R$ 2,5 bilh\u00f5es&hellip; <\/p>\n","protected":false},"author":1,"featured_media":105823,"comment_status":"closed","ping_status":"closed","sticky":false,"template":"","format":"standard","meta":{"sfsi_plus_gutenberg_text_before_share":"","sfsi_plus_gutenberg_show_text_before_share":"","sfsi_plus_gutenberg_icon_type":"","sfsi_plus_gutenberg_icon_alignemt":"","sfsi_plus_gutenburg_max_per_row":"","footnotes":""},"categories":[11],"tags":[],"class_list":["post-105821","post","type-post","status-publish","format-standard","has-post-thumbnail","hentry","category-politica"],"_links":{"self":[{"href":"https:\/\/www.caririemacao.com\/1\/wp-json\/wp\/v2\/posts\/105821","targetHints":{"allow":["GET"]}}],"collection":[{"href":"https:\/\/www.caririemacao.com\/1\/wp-json\/wp\/v2\/posts"}],"about":[{"href":"https:\/\/www.caririemacao.com\/1\/wp-json\/wp\/v2\/types\/post"}],"author":[{"embeddable":true,"href":"https:\/\/www.caririemacao.com\/1\/wp-json\/wp\/v2\/users\/1"}],"replies":[{"embeddable":true,"href":"https:\/\/www.caririemacao.com\/1\/wp-json\/wp\/v2\/comments?post=105821"}],"version-history":[{"count":1,"href":"https:\/\/www.caririemacao.com\/1\/wp-json\/wp\/v2\/posts\/105821\/revisions"}],"predecessor-version":[{"id":105824,"href":"https:\/\/www.caririemacao.com\/1\/wp-json\/wp\/v2\/posts\/105821\/revisions\/105824"}],"wp:featuredmedia":[{"embeddable":true,"href":"https:\/\/www.caririemacao.com\/1\/wp-json\/wp\/v2\/media\/105823"}],"wp:attachment":[{"href":"https:\/\/www.caririemacao.com\/1\/wp-json\/wp\/v2\/media?parent=105821"}],"wp:term":[{"taxonomy":"category","embeddable":true,"href":"https:\/\/www.caririemacao.com\/1\/wp-json\/wp\/v2\/categories?post=105821"},{"taxonomy":"post_tag","embeddable":true,"href":"https:\/\/www.caririemacao.com\/1\/wp-json\/wp\/v2\/tags?post=105821"}],"curies":[{"name":"wp","href":"https:\/\/api.w.org\/{rel}","templated":true}]}}