{"id":105830,"date":"2019-07-21T07:57:17","date_gmt":"2019-07-21T10:57:17","guid":{"rendered":"http:\/\/www.caririemacao.com\/1\/?p=105830"},"modified":"2019-07-21T07:57:17","modified_gmt":"2019-07-21T10:57:17","slug":"botafogo-e-abc-empatam-no-almeidao","status":"publish","type":"post","link":"https:\/\/www.caririemacao.com\/1\/2019\/07\/21\/botafogo-e-abc-empatam-no-almeidao\/","title":{"rendered":"Botafogo e ABC empatam no Almeid\u00e3o"},"content":{"rendered":"\n<p>Na tarde deste s\u00e1bado (20), Botafogo-PB e ABC ficaram no empate pelo Grupo A da S\u00e9rie C. O resultado foi desastroso para a pretens\u00e3o de ambas as equipes no torneio. Enquanto o Belo da Para\u00edba se complicou na luta pelo G4, o Elefante segue afundado no Z2. Os potiguares, ali\u00e1s, podem voltar para a lanterna caso o Treze ven\u00e7a o N\u00e1utico.<\/p>\n\n\n\n<p>O primeiro tempo no Almeid\u00e3o foi relativamente lento. Com marca\u00e7\u00f5es firmes e dificuldades na cria\u00e7\u00e3o, as equipes protagonizaram um jogo truncado. Por conta disso, as chances de marcar eram escassas. Apenas nos \u00faltimos minutos cada um criou a sua, sem sucesso.<\/p>\n\n\n\n<p>De longe, Clayton testou Saulo e obrigou o arqueiro natalense a fazer grande defesa. A resposta dos visitantes veio ainda nos primeiros 45 minutos. Ap\u00f3s boa jogada de Guilherme, a bola foi cruzada com perigo. Contudo, Jo\u00e9cio e Adalberto n\u00e3o conseguiram chegar a tempo.<\/p>\n\n\n\n<p>O panorama mudou levemente na volta dos vesti\u00e1rios. Precisando vencer para tentar evitar um rebaixamento, o ABC adotou uma postura mais ofensiva. Deu certo. Ap\u00f3s cruzamento de Dione, o estreante Lohan abriu o placar aos seis. O tento n\u00e3o acordou os mandantes e os potiguares seguiam mais pr\u00f3ximos do segundo.<\/p>\n\n\n\n<p>Apesar disso, valeu uma velha m\u00e1xima do futebol: quem n\u00e3o faz, leva. Ap\u00f3s perder uma chance cara a cara com Jefinho, o decacampe\u00e3o potiguar acabou punido. Na base do abafa, o Xerife Paraibano se lan\u00e7ou ao ataque.<\/p>\n\n\n\n<figure class=\"wp-block-image\"><img decoding=\"async\" data-src=\"https:\/\/www.clickpb.com.br\/media\/filer_public\/90\/56\/90560f3c-1b16-46f0-92f0-a08c0be88ea9\/botafogo_e_abc_almeidao.jpg\" alt=\"\" src=\"data:image\/svg+xml;base64,PHN2ZyB3aWR0aD0iMSIgaGVpZ2h0PSIxIiB4bWxucz0iaHR0cDovL3d3dy53My5vcmcvMjAwMC9zdmciPjwvc3ZnPg==\" class=\"lazyload\" \/><\/figure>\n\n\n\n<p>Pressionando e encurralando, acabou chegando ao empate. Aos 42 minutos, ap\u00f3s bate-rebate na \u00e1rea, Nando, de joelho e meio sem jeito, empatou. O tento selou o placar final em 1 a 1, resultando em um empate ruim para ambos.<br><\/p>\n\n\n\n<p><strong>PR\u00d3XIMOS JOGOS<\/strong><\/p>\n\n\n\n<p>Botafogo e ABC voltam a campo na pr\u00f3xima semana pela S\u00e9rie C. Na quinta-feira (25), o Belo visita o Imperatriz. Os times medem for\u00e7as no Est\u00e1dio Frei Epif\u00e2nio, em Imperatriz, \u00e0s 20h. Dois dias mais tarde, no s\u00e1bado (27), o ABC recebe o Santa Cruz em casa. A partida ocorre \u00e0s 17h e \u00e9 vital para ambas as equipes na competi\u00e7\u00e3o.&nbsp;<\/p>\n","protected":false},"excerpt":{"rendered":"<p>Na tarde deste s\u00e1bado (20), Botafogo-PB e ABC ficaram no empate pelo Grupo A da S\u00e9rie C. O resultado foi desastroso para a pretens\u00e3o de&hellip; <\/p>\n","protected":false},"author":1,"featured_media":105831,"comment_status":"closed","ping_status":"closed","sticky":false,"template":"","format":"standard","meta":{"sfsi_plus_gutenberg_text_before_share":"","sfsi_plus_gutenberg_show_text_before_share":"","sfsi_plus_gutenberg_icon_type":"","sfsi_plus_gutenberg_icon_alignemt":"","sfsi_plus_gutenburg_max_per_row":"","footnotes":""},"categories":[13],"tags":[],"class_list":["post-105830","post","type-post","status-publish","format-standard","has-post-thumbnail","hentry","category-esportes"],"_links":{"self":[{"href":"https:\/\/www.caririemacao.com\/1\/wp-json\/wp\/v2\/posts\/105830","targetHints":{"allow":["GET"]}}],"collection":[{"href":"https:\/\/www.caririemacao.com\/1\/wp-json\/wp\/v2\/posts"}],"about":[{"href":"https:\/\/www.caririemacao.com\/1\/wp-json\/wp\/v2\/types\/post"}],"author":[{"embeddable":true,"href":"https:\/\/www.caririemacao.com\/1\/wp-json\/wp\/v2\/users\/1"}],"replies":[{"embeddable":true,"href":"https:\/\/www.caririemacao.com\/1\/wp-json\/wp\/v2\/comments?post=105830"}],"version-history":[{"count":1,"href":"https:\/\/www.caririemacao.com\/1\/wp-json\/wp\/v2\/posts\/105830\/revisions"}],"predecessor-version":[{"id":105832,"href":"https:\/\/www.caririemacao.com\/1\/wp-json\/wp\/v2\/posts\/105830\/revisions\/105832"}],"wp:featuredmedia":[{"embeddable":true,"href":"https:\/\/www.caririemacao.com\/1\/wp-json\/wp\/v2\/media\/105831"}],"wp:attachment":[{"href":"https:\/\/www.caririemacao.com\/1\/wp-json\/wp\/v2\/media?parent=105830"}],"wp:term":[{"taxonomy":"category","embeddable":true,"href":"https:\/\/www.caririemacao.com\/1\/wp-json\/wp\/v2\/categories?post=105830"},{"taxonomy":"post_tag","embeddable":true,"href":"https:\/\/www.caririemacao.com\/1\/wp-json\/wp\/v2\/tags?post=105830"}],"curies":[{"name":"wp","href":"https:\/\/api.w.org\/{rel}","templated":true}]}}