{"id":105834,"date":"2019-07-21T08:01:52","date_gmt":"2019-07-21T11:01:52","guid":{"rendered":"http:\/\/www.caririemacao.com\/1\/?p=105834"},"modified":"2019-07-21T08:01:52","modified_gmt":"2019-07-21T11:01:52","slug":"apesar-de-menor-fome-ainda-afeta-o-brasil-aponta-orgao-da-onu","status":"publish","type":"post","link":"https:\/\/www.caririemacao.com\/1\/2019\/07\/21\/apesar-de-menor-fome-ainda-afeta-o-brasil-aponta-orgao-da-onu\/","title":{"rendered":"Apesar de menor, fome ainda afeta o Brasil, aponta \u00f3rg\u00e3o da ONU"},"content":{"rendered":"\n<p>Embora os \u00edndices de desnutri\u00e7\u00e3o no Brasil tenham melhorado neste s\u00e9culo, a parcela de pessoas que passam fome no pa\u00eds ainda \u00e9 consider\u00e1vel, aponta estudo rec\u00e9m-divulgado pela FAO (Organiza\u00e7\u00e3o das Na\u00e7\u00f5es Unidas para Alimenta\u00e7\u00e3o e Agricultura).<\/p>\n\n\n\n<p>Em seu relat\u00f3rio anual sobre a fome no mundo, apresentado na \u00faltima segunda-feira (15), a entidade aponta que a parcela de desnutridos no Brasil caiu de 4,6% da popula\u00e7\u00e3o no per\u00edodo de 2004-2006 para menos de 2,5% entre 2016 e 2018.<\/p>\n\n\n\n<p>Ou seja, mesmo com a queda nos \u00faltimos anos, ainda poderia haver algo como 5 milh\u00f5es de pessoas desnutridas no pa\u00eds, aponta a organiza\u00e7\u00e3o, que \u00e9 dirigida pelo brasileiro Jos\u00e9 Graziano.<\/p>\n\n\n\n<p>No relat\u00f3rio, intitulado &#8220;O Estado da Seguran\u00e7a Alimentar e da Nutri\u00e7\u00e3o no Mundo&#8221;, a FAO identifica o Brasil como um dos pa\u00edses em que o combate \u00e0 fome sofreu as consequ\u00eancias da crise econ\u00f4mica.&nbsp;<\/p>\n\n\n\n<p>A entidade estima que esse ponto de inflex\u00e3o ocorreu no ano de 2012.<br>Desde ent\u00e3o, o Brasil enfrentou uma das maiores recess\u00f5es de sua hist\u00f3ria, e a economia, embora tenha parado de se contrair, n\u00e3o conseguiu engatar uma rea\u00e7\u00e3o consistente.<\/p>\n\n\n\n<p>O relat\u00f3rio aponta outros dados preocupantes.&nbsp;<\/p>\n\n\n\n<p>A preval\u00eancia de anemia entre mulheres em idade reprodutiva (de 15 a 49 anos) subiu.&nbsp;<\/p>\n\n\n\n<p>De acordo com dados do relat\u00f3rio, a parcela era de 25,3% em 2012 e chegou a 27,2% em 2016 (dado mais recente).<\/p>\n\n\n\n<p>J\u00e1 o \u00edndice de beb\u00eas que nascem abaixo do peso se manteve est\u00e1vel em 8,4% do total entre 2012 e 2015, de acordo com o estudo da FAO.<\/p>\n\n\n\n<p>Outro ponto negativo da situa\u00e7\u00e3o alimentar no Brasil, de acordo com o relat\u00f3rio, \u00e9 o aumento da obesidade entre os maiores de 18 anos.<\/p>\n\n\n\n<p>A parcela da popula\u00e7\u00e3o em sobrepeso subiu de 19,9% em 2012 para 22,3% em 2016.<br>O dado, aparentemente contradit\u00f3rio com o da escassez alimentar, \u00e9 explicado pelo fato de que comidas ricas em a\u00e7\u00facar e gordura, em geral industrializadas, tornaram-se mais acess\u00edveis para a popula\u00e7\u00e3o de baixa renda.&nbsp;<\/p>\n\n\n\n<p>Ou seja, as pessoas, mesmo quando comem, se alimentam de maneira errada.<\/p>\n\n\n\n<p>&#8220;Alimentos nutritivos se tornaram relativamente mais caros do que comida rica em gordura, a\u00e7\u00facar ou sal em economias emergentes como Brasil, China, M\u00e9xico e \u00c1frica do Sul&#8221;, afirma o relat\u00f3rio.<\/p>\n\n\n\n<p>Rodrigo Kiko Afonso, diretor-executivo da A\u00e7\u00e3o da Cidadania, entidade que h\u00e1 25 anos milita no combate \u00e0 fome no pa\u00eds, afirma que a falta de dados atualizados por parte do IBGE (Instituto Brasileiro de Geografia e Estat\u00edstica) torna muito dif\u00edcil estimar o n\u00famero de pessoas em situa\u00e7\u00e3o de inseguran\u00e7a alimentar no Brasil.<\/p>\n\n\n\n<p>Os dados mais recentes s\u00e3o de 2014, e a previs\u00e3o de que fossem atualizados no ano passado n\u00e3o se confirmou, segundo ele.<\/p>\n\n\n\n<p>De qualquer forma, diz Afonso, \u00e9 poss\u00edvel dizer com certeza que a situa\u00e7\u00e3o deteriorou-se em raz\u00e3o da crise econ\u00f4mica e da falta de investimento em pol\u00edticas sociais.<\/p>\n\n\n\n<p>&#8220;Os \u00edndices de desnutri\u00e7\u00e3o vinham numa curva descendente, por causa da economia. Isso mudou, seja pela crise, seja por ideologia, por governos que reduziram o investimento em pol\u00edticas sociais e em programas de transfer\u00eancia de renda&#8221;, afirma.&nbsp;<\/p>\n\n\n\n<p>Na estimativa da entidade, o n\u00famero de pessoas que passam fome historicamente se alinha ao da popula\u00e7\u00e3o em situa\u00e7\u00e3o de extrema pobreza.&nbsp;<\/p>\n\n\n\n<p>De acordo com o dado mais recente do IBGE, divulgado no ano passado, h\u00e1 cerca de 15 milh\u00f5es de brasileiros nessa condi\u00e7\u00e3o.<\/p>\n\n\n\n<p>&#8220;N\u00e3o \u00e9 poss\u00edvel que o principal representante do governo [Bolsonaro] diga que a fome n\u00e3o existe&#8221;, declarou Afonso.<\/p>\n\n\n\n<p>De maneira global, diz o relat\u00f3rio, mais de 820 milh\u00f5es de pessoas passam fome atualmente.&nbsp;<\/p>\n\n\n\n<p>&#8220;A fome est\u00e1 crescendo em quase todas as sub-regi\u00f5es da \u00c1frica e, de maneira menos intensa, na Am\u00e9rica Latina e \u00c1sia Ocidental [Oriente M\u00e9dio]&#8221;.&nbsp;<\/p>\n\n\n\n<p>Alem disso, afirma a FAO, cerca de 2 bilh\u00f5es de pessoas s\u00e3o afetadas de maneira moderada pela fome atualmente no mundo.<\/p>\n\n\n\n<p>Os dados da organiza\u00e7\u00e3o s\u00e3o coletados a partir de bases de dados nacionais e de entidades como o Banco Mundial.<\/p>\n","protected":false},"excerpt":{"rendered":"<p>Embora os \u00edndices de desnutri\u00e7\u00e3o no Brasil tenham melhorado neste s\u00e9culo, a parcela de pessoas que passam fome no pa\u00eds ainda \u00e9 consider\u00e1vel, aponta estudo&hellip; <\/p>\n","protected":false},"author":1,"featured_media":105835,"comment_status":"closed","ping_status":"closed","sticky":false,"template":"","format":"standard","meta":{"sfsi_plus_gutenberg_text_before_share":"","sfsi_plus_gutenberg_show_text_before_share":"","sfsi_plus_gutenberg_icon_type":"","sfsi_plus_gutenberg_icon_alignemt":"","sfsi_plus_gutenburg_max_per_row":"","footnotes":""},"categories":[2],"tags":[],"class_list":["post-105834","post","type-post","status-publish","format-standard","has-post-thumbnail","hentry","category-geral"],"_links":{"self":[{"href":"https:\/\/www.caririemacao.com\/1\/wp-json\/wp\/v2\/posts\/105834","targetHints":{"allow":["GET"]}}],"collection":[{"href":"https:\/\/www.caririemacao.com\/1\/wp-json\/wp\/v2\/posts"}],"about":[{"href":"https:\/\/www.caririemacao.com\/1\/wp-json\/wp\/v2\/types\/post"}],"author":[{"embeddable":true,"href":"https:\/\/www.caririemacao.com\/1\/wp-json\/wp\/v2\/users\/1"}],"replies":[{"embeddable":true,"href":"https:\/\/www.caririemacao.com\/1\/wp-json\/wp\/v2\/comments?post=105834"}],"version-history":[{"count":1,"href":"https:\/\/www.caririemacao.com\/1\/wp-json\/wp\/v2\/posts\/105834\/revisions"}],"predecessor-version":[{"id":105836,"href":"https:\/\/www.caririemacao.com\/1\/wp-json\/wp\/v2\/posts\/105834\/revisions\/105836"}],"wp:featuredmedia":[{"embeddable":true,"href":"https:\/\/www.caririemacao.com\/1\/wp-json\/wp\/v2\/media\/105835"}],"wp:attachment":[{"href":"https:\/\/www.caririemacao.com\/1\/wp-json\/wp\/v2\/media?parent=105834"}],"wp:term":[{"taxonomy":"category","embeddable":true,"href":"https:\/\/www.caririemacao.com\/1\/wp-json\/wp\/v2\/categories?post=105834"},{"taxonomy":"post_tag","embeddable":true,"href":"https:\/\/www.caririemacao.com\/1\/wp-json\/wp\/v2\/tags?post=105834"}],"curies":[{"name":"wp","href":"https:\/\/api.w.org\/{rel}","templated":true}]}}