{"id":105839,"date":"2019-07-21T08:13:17","date_gmt":"2019-07-21T11:13:17","guid":{"rendered":"http:\/\/www.caririemacao.com\/1\/?p=105839"},"modified":"2019-07-21T08:13:17","modified_gmt":"2019-07-21T11:13:17","slug":"ufpb-oferta-24-vagas-para-selecao-de-mestrado-na-area-ambiental","status":"publish","type":"post","link":"https:\/\/www.caririemacao.com\/1\/2019\/07\/21\/ufpb-oferta-24-vagas-para-selecao-de-mestrado-na-area-ambiental\/","title":{"rendered":"UFPB oferta 24 vagas para sele\u00e7\u00e3o de mestrado na \u00e1rea ambiental"},"content":{"rendered":"\n<p>O Programa Regional de P\u00f3s-Gradua\u00e7\u00e3o em Desenvolvimento e Meio Ambiente (Prodema) da Universidade Federal da Para\u00edba (UFPB) oferece 24 vagas para mestrado em Desenvolvimento e Meio Ambiente. As inscri\u00e7\u00f5es devem ser realizadas de 19 de agosto a 8 de setembro, por meio do Sistema Integrado de Gest\u00e3o de Atividades Acad\u00eamicas (Sigaa).<\/p>\n\n\n\n<p>O processo seletivo ocorre em quatro etapas. A primeira ser\u00e1 uma prova de l\u00edngua estrangeira, a segunda prova te\u00f3rica de conhecimentos gerais e espec\u00edficos. J\u00e1 a terceira etapa ser\u00e1 a avalia\u00e7\u00e3o do projeto de pesquisa, por \u00faltimo ser\u00e1 realizada a an\u00e1lise curricular. O resultado dos selecionados deve divulgado em 21 de novembro.<\/p>\n\n\n\n<p>Do total de vagas, 20% ser\u00e3o reservadas para candidatos autodeclarados ou oriundos da popula\u00e7\u00e3o negra, povos ind\u00edgenas, povos e comunidades tradicionais e pessoas com defici\u00eancia.<\/p>\n\n\n\n<p>S\u00e3o isentos do pagamento da inscri\u00e7\u00e3o pessoas que comprovarem ter cursado o Ensino M\u00e9dio em escola da rede p\u00fablica ou como bolsista integral da rede privada, que possu\u00edrem inscri\u00e7\u00e3o no Cadastro \u00danico (Cad\u00danico) para Programas Sociais do Governo Federal&nbsp; ou que apresentarem parecer social da Pr\u00f3-reitoria de P\u00f3s-Gradua\u00e7\u00e3o (PRPG) da UFPB.<\/p>\n\n\n\n<p>Os projetos a serem submetidos devem atender a uma dessas tr\u00eas linhas de pesquisa: \u201cRela\u00e7\u00f5es sociedade-natureza e sustentabilidade\u201d, \u201cPlanejamento, gest\u00e3o e pol\u00edticas socioambientais\u201d e \u201cTecnologias para o desenvolvimento sustent\u00e1vel\u201d.<\/p>\n\n\n\n<p><strong>MaisPB<\/strong><\/p>\n","protected":false},"excerpt":{"rendered":"<p>O Programa Regional de P\u00f3s-Gradua\u00e7\u00e3o em Desenvolvimento e Meio Ambiente (Prodema) da Universidade Federal da Para\u00edba (UFPB) oferece 24 vagas para mestrado em Desenvolvimento e&hellip; <\/p>\n","protected":false},"author":1,"featured_media":96618,"comment_status":"closed","ping_status":"closed","sticky":false,"template":"","format":"standard","meta":{"sfsi_plus_gutenberg_text_before_share":"","sfsi_plus_gutenberg_show_text_before_share":"","sfsi_plus_gutenberg_icon_type":"","sfsi_plus_gutenberg_icon_alignemt":"","sfsi_plus_gutenburg_max_per_row":"","footnotes":""},"categories":[50,14],"tags":[],"class_list":["post-105839","post","type-post","status-publish","format-standard","has-post-thumbnail","hentry","category-destaque","category-educacao"],"_links":{"self":[{"href":"https:\/\/www.caririemacao.com\/1\/wp-json\/wp\/v2\/posts\/105839","targetHints":{"allow":["GET"]}}],"collection":[{"href":"https:\/\/www.caririemacao.com\/1\/wp-json\/wp\/v2\/posts"}],"about":[{"href":"https:\/\/www.caririemacao.com\/1\/wp-json\/wp\/v2\/types\/post"}],"author":[{"embeddable":true,"href":"https:\/\/www.caririemacao.com\/1\/wp-json\/wp\/v2\/users\/1"}],"replies":[{"embeddable":true,"href":"https:\/\/www.caririemacao.com\/1\/wp-json\/wp\/v2\/comments?post=105839"}],"version-history":[{"count":1,"href":"https:\/\/www.caririemacao.com\/1\/wp-json\/wp\/v2\/posts\/105839\/revisions"}],"predecessor-version":[{"id":105840,"href":"https:\/\/www.caririemacao.com\/1\/wp-json\/wp\/v2\/posts\/105839\/revisions\/105840"}],"wp:featuredmedia":[{"embeddable":true,"href":"https:\/\/www.caririemacao.com\/1\/wp-json\/wp\/v2\/media\/96618"}],"wp:attachment":[{"href":"https:\/\/www.caririemacao.com\/1\/wp-json\/wp\/v2\/media?parent=105839"}],"wp:term":[{"taxonomy":"category","embeddable":true,"href":"https:\/\/www.caririemacao.com\/1\/wp-json\/wp\/v2\/categories?post=105839"},{"taxonomy":"post_tag","embeddable":true,"href":"https:\/\/www.caririemacao.com\/1\/wp-json\/wp\/v2\/tags?post=105839"}],"curies":[{"name":"wp","href":"https:\/\/api.w.org\/{rel}","templated":true}]}}