{"id":105846,"date":"2019-07-21T08:14:49","date_gmt":"2019-07-21T11:14:49","guid":{"rendered":"http:\/\/www.caririemacao.com\/1\/?p=105846"},"modified":"2019-07-21T08:14:49","modified_gmt":"2019-07-21T11:14:49","slug":"cerca-de-2-mil-caminhoneiros-se-mobilizam","status":"publish","type":"post","link":"https:\/\/www.caririemacao.com\/1\/2019\/07\/21\/cerca-de-2-mil-caminhoneiros-se-mobilizam\/","title":{"rendered":"Cerca de 2 mil caminhoneiros se mobilizam"},"content":{"rendered":"\n<p>Cerca de 2 mil caminhoneiros est\u00e3o em grupos de WhatsApps criados recentemente para discutir uma poss\u00edvel paralisa\u00e7\u00e3o na pr\u00f3xima segunda (22). Parte da categoria \u00e9 contra a resolu\u00e7\u00e3o da ANTT (Ag\u00eancia Nacional de Transportes Terrestres) que estabeleceu uma tabela de pre\u00e7os m\u00ednimos do frete rodovi\u00e1rio.<\/p>\n\n\n\n<p>Os valores s\u00e3o abaixo do esperado. De acordo com o jornal Folha de S\u00e3o Paulo, a paralisa\u00e7\u00e3o n\u00e3o \u00e9 consenso entre todos os caminhoneiros, participantes dos grupos. Alguns s\u00e3o contra a ideia tendo em vista a dificuldade financeira que teriam ap\u00f3s os dias sem trabalhar.<\/p>\n\n\n\n<p>A nova vers\u00e3o da tabela foi feita ap\u00f3s um estudo da \u00e1rea de log\u00edstica da Escola de Agronomia da Universidade de S\u00e3o Paulo (USP) e teve como objetivo adequar os pre\u00e7os para os diferentes tipos de carga, rotas e ve\u00edculos.<\/p>\n\n\n\n<p>O ministro de Infraestrutura, Tarc\u00edsio de Freitas, se re\u00fane com os representante de caminhoneiros e entidades afetadas pela nova tabela de fretes. O encontro deve acontecer na pr\u00f3xima semana.<\/p>\n\n\n\n<p><strong>MaisPB<\/strong><\/p>\n","protected":false},"excerpt":{"rendered":"<p>Cerca de 2 mil caminhoneiros est\u00e3o em grupos de WhatsApps criados recentemente para discutir uma poss\u00edvel paralisa\u00e7\u00e3o na pr\u00f3xima segunda (22). Parte da categoria \u00e9&hellip; <\/p>\n","protected":false},"author":1,"featured_media":75435,"comment_status":"closed","ping_status":"closed","sticky":false,"template":"","format":"standard","meta":{"sfsi_plus_gutenberg_text_before_share":"","sfsi_plus_gutenberg_show_text_before_share":"","sfsi_plus_gutenberg_icon_type":"","sfsi_plus_gutenberg_icon_alignemt":"","sfsi_plus_gutenburg_max_per_row":"","footnotes":""},"categories":[50,2],"tags":[],"class_list":["post-105846","post","type-post","status-publish","format-standard","has-post-thumbnail","hentry","category-destaque","category-geral"],"_links":{"self":[{"href":"https:\/\/www.caririemacao.com\/1\/wp-json\/wp\/v2\/posts\/105846","targetHints":{"allow":["GET"]}}],"collection":[{"href":"https:\/\/www.caririemacao.com\/1\/wp-json\/wp\/v2\/posts"}],"about":[{"href":"https:\/\/www.caririemacao.com\/1\/wp-json\/wp\/v2\/types\/post"}],"author":[{"embeddable":true,"href":"https:\/\/www.caririemacao.com\/1\/wp-json\/wp\/v2\/users\/1"}],"replies":[{"embeddable":true,"href":"https:\/\/www.caririemacao.com\/1\/wp-json\/wp\/v2\/comments?post=105846"}],"version-history":[{"count":1,"href":"https:\/\/www.caririemacao.com\/1\/wp-json\/wp\/v2\/posts\/105846\/revisions"}],"predecessor-version":[{"id":105847,"href":"https:\/\/www.caririemacao.com\/1\/wp-json\/wp\/v2\/posts\/105846\/revisions\/105847"}],"wp:featuredmedia":[{"embeddable":true,"href":"https:\/\/www.caririemacao.com\/1\/wp-json\/wp\/v2\/media\/75435"}],"wp:attachment":[{"href":"https:\/\/www.caririemacao.com\/1\/wp-json\/wp\/v2\/media?parent=105846"}],"wp:term":[{"taxonomy":"category","embeddable":true,"href":"https:\/\/www.caririemacao.com\/1\/wp-json\/wp\/v2\/categories?post=105846"},{"taxonomy":"post_tag","embeddable":true,"href":"https:\/\/www.caririemacao.com\/1\/wp-json\/wp\/v2\/tags?post=105846"}],"curies":[{"name":"wp","href":"https:\/\/api.w.org\/{rel}","templated":true}]}}