{"id":105850,"date":"2019-07-21T08:20:04","date_gmt":"2019-07-21T11:20:04","guid":{"rendered":"http:\/\/www.caririemacao.com\/1\/?p=105850"},"modified":"2019-07-21T08:20:04","modified_gmt":"2019-07-21T11:20:04","slug":"presidente-bolsonaro-nega-ter-falado-paraiba-como-critica-a-nordestinos","status":"publish","type":"post","link":"https:\/\/www.caririemacao.com\/1\/2019\/07\/21\/presidente-bolsonaro-nega-ter-falado-paraiba-como-critica-a-nordestinos\/","title":{"rendered":"Presidente Bolsonaro nega ter falado \u2018para\u00edba\u2019 como cr\u00edtica a nordestinos"},"content":{"rendered":"\n<p>Ap\u00f3s\u00a0fala pol\u00eamica sobre governadores do Nordeste, o presidente Jair Bolsonaro negou neste s\u00e1bado (20) que tenha usado o termo \u201cpara\u00edba\u201d para criticar nordestinos e disse que as cr\u00edticas foram direcionadas a dois governadores: Fl\u00e1vio Dino (PC do B) e Jo\u00e3o Azevedo (PSB).<\/p>\n\n\n\n<p>\u201cFalaram agora que eu estou criticando o Nordeste, voc\u00ea viu? Dois governadores, o do Maranh\u00e3o e da Para\u00edba que s\u00e3o intrag\u00e1veis\u201d, afirmou o presidente.<\/p>\n\n\n\n<p>Nesta sexta (19), foi divulgado um v\u00eddeo em que Bolsonaro fala sobre \u201cgovernadores de para\u00edba\u201d e cita o governador do Maranh\u00e3o. \u201cN\u00e3o tem que ter nada para esse cara [Dino]\u201d.<\/p>\n\n\n\n<p>Os governadores do Nordeste reagiram e cobraram explica\u00e7\u00f5es. \u00c0 coluna Painel, Dino afirmou: \u201cS\u00f3 sei que sou o pior dos gestores na vis\u00e3o dele, o que para mim \u00e9 uma honraria.\u201d<\/p>\n\n\n\n<p>Bolsonaro respondeu atacando Dino e Azevedo e partidos de oposi\u00e7\u00e3o.<\/p>\n\n\n\n<p>\u201cEles [gestores do Nordeste] s\u00e3o unidos. Eles t\u00eam uma ideologia. Perderam as elei\u00e7\u00f5es e tentam o tempo todo atrav\u00e9s das desinforma\u00e7\u00f5es manipular eleitores nordestinos\u201d, declarou, em prov\u00e1vel refer\u00eancia ao apoio dos governadores nordestinos ao candidato do PT \u00e0 Presid\u00eancia, Fernando Haddad.<\/p>\n\n\n\n<p>Para tentar argumentar que a rela\u00e7\u00e3o com o Nordeste \u00e9 boa, Bolsonaro disse que sua esposa, Michelle Bolsonaro, \u00e9 filha de cearense.<\/p>\n\n\n\n<p>\u201cA maldade est\u00e1 no cora\u00e7\u00e3o de voc\u00eas. Eu tenho tanta cr\u00edtica ao Nordeste que eu casei com uma filha de cearense\u201d.<\/p>\n\n\n\n<p>O presidente tamb\u00e9m criticou a imprensa e disse que havia exagero na repercuss\u00e3o que sua fala teve.<\/p>\n\n\n\n<p>\u201cEu fiz uma cr\u00edtica ao governador do Maranh\u00e3o e da Para\u00edba. Vivem me esculhambando. Obras federais v\u00e3o para l\u00e1. Dizem que \u00e9 deles. N\u00e3o s\u00e3o deles, \u00e9 do povo. A cr\u00edtica foi a esses dois governadores. Nada mais al\u00e9m disso. Uma cr\u00edtica em tr\u00eas segundos. Em tr\u00eas segundo voc\u00eas da m\u00eddia fazem uma festa\u201d.<\/p>\n\n\n\n<p>No Twitter, Bolsonaro replicou coment\u00e1rio publicado pelo ministro da Justi\u00e7a, Sergio Moro, em que o ex-juiz afirma que o presidente n\u00e3o se recusou a enviar tropas ao Cear\u00e1 em momento de crise de seguran\u00e7a p\u00fablica.<\/p>\n\n\n\n<p>\u201cUm testemunho: Em janeiro, na crise de seguran\u00e7a do Cear\u00e1, o PR @jairbolsonaro , primeira semana de governo, n\u00e3o hesitou em autorizar o envio da For\u00e7a nacional e da For\u00e7a de interven\u00e7\u00e3o penitenci\u00e1ria e em disponibilizar vagas em pres\u00eddios federais para as lideran\u00e7as criminosas\u201d, escreveu Moro.<\/p>\n\n\n\n<p>\u201cResultado, em conjunto com o Governo Estadual, mesmo sendo o Governador do PT, a crise foi controlada em semanas. Nada mais do que a obriga\u00e7\u00e3o. Mas ilustra que o Nordeste tem sido tratado sem preconceito pelo Governo Federal. Afirma\u00e7\u00f5es diferentes n\u00e3o resistem aos fatos\u201d, acrescentou o ex-juiz.<\/p>\n\n\n\n<p>Bolsonaro tamb\u00e9m negou que os atritos com governadores da regi\u00e3o possam atrapalhar a aprova\u00e7\u00e3o da reforma da Previd\u00eancia no Congresso. \u201cO Parlamento n\u00e3o \u00e9 t\u00e3o raso como voc\u00eas est\u00e3o pensando\u201d.<br>Em entrevista a jornalistas, o presidente informou que deve indicar o substituto de Raquel Dodge para a Procuradoria-Geral da Rep\u00fablica (PGR) at\u00e9 17 de agosto -o mandato de Dodge vai at\u00e9 setembro.<br>Assim, haveria prazo suficiente para que a pessoa escolhida seja sabatinada pelo Senado.<\/p>\n\n\n\n<p>Sobre a indica\u00e7\u00e3o do filho Eduardo Bolsonaro (PSL), deputado federal por S\u00e3o Paulo, para a vaga de embaixador nos Estados Unidos, o presidente acredita que o governo americano n\u00e3o ter\u00e1 problemas com a escolha.<\/p>\n\n\n\n<p>\u201cEu duvido que o governo americano d\u00ea sinal contr\u00e1rio, mas, se quiser, a gente vai respeitar\u201d, disse.<\/p>\n","protected":false},"excerpt":{"rendered":"<p>Ap\u00f3s\u00a0fala pol\u00eamica sobre governadores do Nordeste, o presidente Jair Bolsonaro negou neste s\u00e1bado (20) que tenha usado o termo \u201cpara\u00edba\u201d para criticar nordestinos e disse&hellip; <\/p>\n","protected":false},"author":1,"featured_media":105851,"comment_status":"closed","ping_status":"closed","sticky":false,"template":"","format":"standard","meta":{"sfsi_plus_gutenberg_text_before_share":"","sfsi_plus_gutenberg_show_text_before_share":"","sfsi_plus_gutenberg_icon_type":"","sfsi_plus_gutenberg_icon_alignemt":"","sfsi_plus_gutenburg_max_per_row":"","footnotes":""},"categories":[11],"tags":[],"class_list":["post-105850","post","type-post","status-publish","format-standard","has-post-thumbnail","hentry","category-politica"],"_links":{"self":[{"href":"https:\/\/www.caririemacao.com\/1\/wp-json\/wp\/v2\/posts\/105850","targetHints":{"allow":["GET"]}}],"collection":[{"href":"https:\/\/www.caririemacao.com\/1\/wp-json\/wp\/v2\/posts"}],"about":[{"href":"https:\/\/www.caririemacao.com\/1\/wp-json\/wp\/v2\/types\/post"}],"author":[{"embeddable":true,"href":"https:\/\/www.caririemacao.com\/1\/wp-json\/wp\/v2\/users\/1"}],"replies":[{"embeddable":true,"href":"https:\/\/www.caririemacao.com\/1\/wp-json\/wp\/v2\/comments?post=105850"}],"version-history":[{"count":1,"href":"https:\/\/www.caririemacao.com\/1\/wp-json\/wp\/v2\/posts\/105850\/revisions"}],"predecessor-version":[{"id":105852,"href":"https:\/\/www.caririemacao.com\/1\/wp-json\/wp\/v2\/posts\/105850\/revisions\/105852"}],"wp:featuredmedia":[{"embeddable":true,"href":"https:\/\/www.caririemacao.com\/1\/wp-json\/wp\/v2\/media\/105851"}],"wp:attachment":[{"href":"https:\/\/www.caririemacao.com\/1\/wp-json\/wp\/v2\/media?parent=105850"}],"wp:term":[{"taxonomy":"category","embeddable":true,"href":"https:\/\/www.caririemacao.com\/1\/wp-json\/wp\/v2\/categories?post=105850"},{"taxonomy":"post_tag","embeddable":true,"href":"https:\/\/www.caririemacao.com\/1\/wp-json\/wp\/v2\/tags?post=105850"}],"curies":[{"name":"wp","href":"https:\/\/api.w.org\/{rel}","templated":true}]}}