{"id":105867,"date":"2019-07-21T14:46:24","date_gmt":"2019-07-21T17:46:24","guid":{"rendered":"http:\/\/www.caririemacao.com\/1\/?p=105867"},"modified":"2019-07-21T14:46:24","modified_gmt":"2019-07-21T17:46:24","slug":"intensas-chuvas-caidas-na-cidade-de-serra-branca-e-regiao-adiam-a-final-da-copa-integracao-de-futebol","status":"publish","type":"post","link":"https:\/\/www.caririemacao.com\/1\/2019\/07\/21\/intensas-chuvas-caidas-na-cidade-de-serra-branca-e-regiao-adiam-a-final-da-copa-integracao-de-futebol\/","title":{"rendered":"Intensas chuvas ca\u00eddas na cidade de Serra Branca e regi\u00e3o, adiam a final da Copa Integra\u00e7\u00e3o de Futebol"},"content":{"rendered":"\n<div class=\"wp-block-image\"><figure class=\"aligncenter\"><img decoding=\"async\" data-src=\"http:\/\/deolhonocariri.com.br\/wp-content\/uploads\/2019\/07\/67089699_2337598133178031_4489060385684455424_n-600x338.jpg\" alt=\"\" class=\"wp-image-69377 lazyload\" src=\"data:image\/svg+xml;base64,PHN2ZyB3aWR0aD0iMSIgaGVpZ2h0PSIxIiB4bWxucz0iaHR0cDovL3d3dy53My5vcmcvMjAwMC9zdmciPjwvc3ZnPg==\" style=\"--smush-placeholder-width: 600px; --smush-placeholder-aspect-ratio: 600\/338;\" \/><\/figure><\/div>\n\n\n\n<p>A decisiva e aguardada final da Copa Integra\u00e7\u00e3o de Futebol do Cariri que estava agendada para ser realizada na tarde deste domingo(21) na cidade de Serra Branca, foi cancelada devido as intensas chuvas ca\u00eddas na cidade de Serra Branca e em toda a regi\u00e3o do Cariri deste este \u00faltimo s\u00e1bado e continuam tamb\u00e9m predominantes durante este domingo.<\/p>\n\n\n\n<p>A coordena\u00e7\u00e3o de arbitragem do Cariri esteve no palco da final e conforme an\u00e1lise, definiu que o campo de Serra Branca estava sem a m\u00ednima condi\u00e7\u00f5es de jogo devido as po\u00e7as de agu\u00e1 e lama que ficaram em boa parte do campo de futebol.<\/p>\n\n\n\n<p>O cancelamento foi oficialmente anunciado pela coordena\u00e7\u00e3o da Copa Integra\u00e7\u00e3o, que atrav\u00e9s de nota enviada, comunicou sobre o cancelamento da final, e diante m\u00e3o, j\u00e1 remarcou a decis\u00e3o para o pr\u00f3ximo domingo, dia 28 de julho, sendo realizado no mesmo hor\u00e1rio e seguindo o mesmo cronograma proposto pela coordena\u00e7\u00e3o da Copa.<\/p>\n\n\n\n<p>A final da Copa Integra\u00e7\u00e3o de Futebol 2019 ser\u00e1 disputado entre as equipes da Selebranca e o S\u00e3o Paulo de S\u00e3o Jo\u00e3o do Cariri. No primeiro duelo em S\u00e3o Jo\u00e3o do Cariri, as equipes empataram em 1 a 1, ficando para ser definido no est\u00e1dio municipal de futebol \u2018O Walt\u00e3o\u2019, em Serra Branca.<\/p>\n\n\n\n<p><strong>De Olho no Cariri<\/strong><\/p>\n","protected":false},"excerpt":{"rendered":"<p>A decisiva e aguardada final da Copa Integra\u00e7\u00e3o de Futebol do Cariri que estava agendada para ser realizada na tarde deste domingo(21) na cidade de&hellip; <\/p>\n","protected":false},"author":1,"featured_media":105868,"comment_status":"closed","ping_status":"closed","sticky":false,"template":"","format":"standard","meta":{"sfsi_plus_gutenberg_text_before_share":"","sfsi_plus_gutenberg_show_text_before_share":"","sfsi_plus_gutenberg_icon_type":"","sfsi_plus_gutenberg_icon_alignemt":"","sfsi_plus_gutenburg_max_per_row":"","footnotes":""},"categories":[50,13],"tags":[],"class_list":["post-105867","post","type-post","status-publish","format-standard","has-post-thumbnail","hentry","category-destaque","category-esportes"],"_links":{"self":[{"href":"https:\/\/www.caririemacao.com\/1\/wp-json\/wp\/v2\/posts\/105867","targetHints":{"allow":["GET"]}}],"collection":[{"href":"https:\/\/www.caririemacao.com\/1\/wp-json\/wp\/v2\/posts"}],"about":[{"href":"https:\/\/www.caririemacao.com\/1\/wp-json\/wp\/v2\/types\/post"}],"author":[{"embeddable":true,"href":"https:\/\/www.caririemacao.com\/1\/wp-json\/wp\/v2\/users\/1"}],"replies":[{"embeddable":true,"href":"https:\/\/www.caririemacao.com\/1\/wp-json\/wp\/v2\/comments?post=105867"}],"version-history":[{"count":1,"href":"https:\/\/www.caririemacao.com\/1\/wp-json\/wp\/v2\/posts\/105867\/revisions"}],"predecessor-version":[{"id":105869,"href":"https:\/\/www.caririemacao.com\/1\/wp-json\/wp\/v2\/posts\/105867\/revisions\/105869"}],"wp:featuredmedia":[{"embeddable":true,"href":"https:\/\/www.caririemacao.com\/1\/wp-json\/wp\/v2\/media\/105868"}],"wp:attachment":[{"href":"https:\/\/www.caririemacao.com\/1\/wp-json\/wp\/v2\/media?parent=105867"}],"wp:term":[{"taxonomy":"category","embeddable":true,"href":"https:\/\/www.caririemacao.com\/1\/wp-json\/wp\/v2\/categories?post=105867"},{"taxonomy":"post_tag","embeddable":true,"href":"https:\/\/www.caririemacao.com\/1\/wp-json\/wp\/v2\/tags?post=105867"}],"curies":[{"name":"wp","href":"https:\/\/api.w.org\/{rel}","templated":true}]}}