{"id":105885,"date":"2019-07-22T07:36:24","date_gmt":"2019-07-22T10:36:24","guid":{"rendered":"http:\/\/www.caririemacao.com\/1\/?p=105885"},"modified":"2019-07-22T07:36:24","modified_gmt":"2019-07-22T10:36:24","slug":"prefeitura-de-varzea-inscreve-para-concurso-publico-com-43-vagas-a-partir-desta-segunda","status":"publish","type":"post","link":"https:\/\/www.caririemacao.com\/1\/2019\/07\/22\/prefeitura-de-varzea-inscreve-para-concurso-publico-com-43-vagas-a-partir-desta-segunda\/","title":{"rendered":"Prefeitura de V\u00e1rzea inscreve para concurso p\u00fablico com 43 vagas a partir desta segunda"},"content":{"rendered":"\n<p>A Prefeitura de V\u00e1rzea inscreve para concurso p\u00fablico a partir desta segunda-feira (22). S\u00e3o oferecidas 43 vagas para os cargos de n\u00edveis fundamental, m\u00e9dio, t\u00e9cnico e susperior, vom sal\u00e1rios de at\u00e9 R$ 10 mil.<\/p>\n\n\n\n<p><a href=\"https:\/\/www.clickpb.com.br\/media\/filer_public\/9c\/e1\/9ce19fe8-13de-41bf-abe6-27202cf31d03\/edital-de-abertura-varzea-pb.pdf\">Confira o edital<\/a><\/p>\n\n\n\n<p>Os interessados poder\u00e3o se inscrever at\u00e9 o dia 22 de agosto&nbsp;<a href=\"https:\/\/educapb.com.br\/concurso-varzea-pb\/\">atrav\u00e9s do site da empresa organizadora do certame<\/a>. As taxas variam de acordo com o n\u00edvel escolhido pelo candidato, sendo R$ 40 (n\u00edvel fundamental), R$ 50 (n\u00edvel m\u00e9dio ou t\u00e9cnico) e R$ 50 (superior).<\/p>\n\n\n\n<p>As provas devem ser aplicadas no dia 22 de setembro.&nbsp;<\/p>\n","protected":false},"excerpt":{"rendered":"<p>A Prefeitura de V\u00e1rzea inscreve para concurso p\u00fablico a partir desta segunda-feira (22). S\u00e3o oferecidas 43 vagas para os cargos de n\u00edveis fundamental, m\u00e9dio, t\u00e9cnico&hellip; <\/p>\n","protected":false},"author":1,"featured_media":105886,"comment_status":"closed","ping_status":"closed","sticky":false,"template":"","format":"standard","meta":{"sfsi_plus_gutenberg_text_before_share":"","sfsi_plus_gutenberg_show_text_before_share":"","sfsi_plus_gutenberg_icon_type":"","sfsi_plus_gutenberg_icon_alignemt":"","sfsi_plus_gutenburg_max_per_row":"","footnotes":""},"categories":[2],"tags":[],"class_list":["post-105885","post","type-post","status-publish","format-standard","has-post-thumbnail","hentry","category-geral"],"_links":{"self":[{"href":"https:\/\/www.caririemacao.com\/1\/wp-json\/wp\/v2\/posts\/105885","targetHints":{"allow":["GET"]}}],"collection":[{"href":"https:\/\/www.caririemacao.com\/1\/wp-json\/wp\/v2\/posts"}],"about":[{"href":"https:\/\/www.caririemacao.com\/1\/wp-json\/wp\/v2\/types\/post"}],"author":[{"embeddable":true,"href":"https:\/\/www.caririemacao.com\/1\/wp-json\/wp\/v2\/users\/1"}],"replies":[{"embeddable":true,"href":"https:\/\/www.caririemacao.com\/1\/wp-json\/wp\/v2\/comments?post=105885"}],"version-history":[{"count":1,"href":"https:\/\/www.caririemacao.com\/1\/wp-json\/wp\/v2\/posts\/105885\/revisions"}],"predecessor-version":[{"id":105887,"href":"https:\/\/www.caririemacao.com\/1\/wp-json\/wp\/v2\/posts\/105885\/revisions\/105887"}],"wp:featuredmedia":[{"embeddable":true,"href":"https:\/\/www.caririemacao.com\/1\/wp-json\/wp\/v2\/media\/105886"}],"wp:attachment":[{"href":"https:\/\/www.caririemacao.com\/1\/wp-json\/wp\/v2\/media?parent=105885"}],"wp:term":[{"taxonomy":"category","embeddable":true,"href":"https:\/\/www.caririemacao.com\/1\/wp-json\/wp\/v2\/categories?post=105885"},{"taxonomy":"post_tag","embeddable":true,"href":"https:\/\/www.caririemacao.com\/1\/wp-json\/wp\/v2\/tags?post=105885"}],"curies":[{"name":"wp","href":"https:\/\/api.w.org\/{rel}","templated":true}]}}