{"id":105891,"date":"2019-07-22T07:47:38","date_gmt":"2019-07-22T10:47:38","guid":{"rendered":"http:\/\/www.caririemacao.com\/1\/?p=105891"},"modified":"2019-07-22T07:47:38","modified_gmt":"2019-07-22T10:47:38","slug":"concurso-do-ibge-com-salario-de-r-4-200-inscreve-ate-terca-feira","status":"publish","type":"post","link":"https:\/\/www.caririemacao.com\/1\/2019\/07\/22\/concurso-do-ibge-com-salario-de-r-4-200-inscreve-ate-terca-feira\/","title":{"rendered":"Concurso do IBGE com sal\u00e1rio de R$ 4.200 inscreve at\u00e9 ter\u00e7a-feira"},"content":{"rendered":"\n<p>As inscri\u00e7\u00f5es para o processo seletivo do IBGE com sal\u00e1rio de at\u00e9 R$ 4.200&nbsp;terminam nesta ter\u00e7a-feira (23).&nbsp;Das 400 vagas tempor\u00e1rias para trabalhar no Censo Demogr\u00e1fico, em 20 \u00e1reas de conhecimento de n\u00edvel superior apenas 6 vagas s\u00e3o destinadas para Jo\u00e3o Pessoa. As inscri\u00e7\u00f5es estar\u00e3o abertas de 8 a 23 de julho e as provas est\u00e3o previstas para 1\u00ba de setembro.&nbsp;<a href=\"http:\/\/www.in.gov.br\/en\/web\/dou\/-\/edital-n-2\/2019-189918444\">O edital completo est\u00e1 dispon\u00edvel aqui.<\/a>Os contratados ter\u00e3o direito aos aux\u00edlios Alimenta\u00e7\u00e3o, Transporte e Pr\u00e9-escolar, assim como a f\u00e9rias e 13\u00ba sal\u00e1rio proporcionais, de acordo com a legisla\u00e7\u00e3o que regulamenta este tipo de contrata\u00e7\u00e3o. A remunera\u00e7\u00e3o mensal prevista \u00e9 de R$ 4.200,00.<\/p>\n\n\n\n<p>O per\u00edodo m\u00e1ximo da contrata\u00e7\u00e3o \u00e9 de 12 (doze) meses. Os contratos ter\u00e3o vig\u00eancia de 30 (trinta) dias, podendo ser sucessivamente prorrogados por igual per\u00edodo, de acordo com a necessidade do trabalho e\/ou disponibilidade de recursos or\u00e7ament\u00e1rios. O desempenho dos contratados ser\u00e1 avaliado mensalmente.<\/p>\n\n\n\n<p>A jornada de trabalho ser\u00e1 de 40 horas semanais, sendo 8 horas di\u00e1rias. S\u00e3o oferecidas 400 vagas tempor\u00e1rias, em 20 \u00e1reas de conhecimento de n\u00edvel superior.&nbsp;<\/p>\n\n\n\n<p>H\u00e1 vagas para todas as 27 unidades da federa\u00e7\u00e3o, mas a maior parte delas \u00e9 para o Rio de Janeiro, onde est\u00e1 a sede do IBGE. O quadro completo das vagas, por UFs e \u00e1reas de conhecimento,&nbsp;<a href=\"http:\/\/www.in.gov.br\/en\/web\/dou\/-\/edital-n-2\/2019-189918444\">est\u00e1 no link.<\/a><\/p>\n\n\n\n<p>As pessoas com defici\u00eancia ter\u00e3o direito ao m\u00ednimo 5% das vagas, de acordo com a legisla\u00e7\u00e3o em vigor e as normas do edital. Veja na tabela abaixo a rela\u00e7\u00e3o das \u00e1reas de conhecimento e as respectivas vagas:<\/p>\n\n\n\n<p>Fun\u00e7\u00e3o \u00c1rea de Conhecimento Retribui\u00e7\u00e3o Mensal Taxa de Inscri\u00e7\u00e3o N\u00ba de Vagas<br>Analista Censit\u00e1rio (AC) An\u00e1lise de Sistemas &#8211; Desen. Aplica\u00e7\u00f5es R$4.200,00 R$64,00 17<br>An\u00e1lise de Sistemas &#8211; Desenv. Aplica\u00e7\u00f5es Web Mobile 2<br>An\u00e1lise de Sistemas &#8211; Suporte a Comunica\u00e7\u00f5es e Rede 5<br>An\u00e1lise de Sistemas &#8211; Suporte \u00e0 Produ\u00e7\u00e3o 4<br>An\u00e1lise de Sistemas &#8211; Suporte Operacional e de Tecnologia 4<br>An\u00e1lise Socioecon\u00f4mica 36<br>Biblioteconomia e Documenta\u00e7\u00e3o 4<br>Ci\u00eancias Cont\u00e1beis 30<br>Ci\u00eancias Sociais 12<br>Desenho Instrucional 2<br>Geoprocessamento 24<br>Gest\u00e3o e Infraestrutura 142<br>Jornalismo 35<br>Letras 1<br>Log\u00edstica 5<br>M\u00e9todos Quantitativos 57<br>Planejamento e Gest\u00e3o 1<br>Produ\u00e7\u00e3o Gr\u00e1fica\/Editorial 2<br>Programa\u00e7\u00e3o Visual\/Web design 10<br>Recursos Humanos 7<br><br><\/p>\n\n\n\n<p>As inscri\u00e7\u00f5es poder\u00e3o ser feitas pela internet,&nbsp;<a href=\"http:\/\/www.institutoaocp.org.br\/\">no site<\/a>. Para evitar contratempos, os candidatos devem ler e seguir atentamente as determina\u00e7\u00f5es do edital. A taxa \u00e9 de R$ 64,00 e as inscri\u00e7\u00f5es somente ser\u00e3o validadas ap\u00f3s a confirma\u00e7\u00e3o do respectivo pagamento. As pessoas pretas ou pardas ter\u00e3o direito a 20% das vagas, de acordo com a legisla\u00e7\u00e3o em vigor.<br><\/p>\n\n\n\n<p>As provas est\u00e3o previstas para 1\u00ba de setembro de 2019. O cronograma completo est\u00e1 no edital e deve ser lido atentamente pelos candidatos. Ser\u00e3o 60 quest\u00f5es objetivas em tr\u00eas disciplinas: l\u00edngua portuguesa, conhecimentos espec\u00edficos e racioc\u00ednio l\u00f3gico, com exce\u00e7\u00e3o das \u00e1reas de conhecimento de M\u00e9todos Quantitativos e Letras, que ter\u00e3o duas disciplinas cada (l\u00edngua portuguesa e conhecimentos espec\u00edficos e racioc\u00ednio l\u00f3gico e conhecimentos espec\u00edficos, respectivamente) conforme descrito no edital.&nbsp;<\/p>\n","protected":false},"excerpt":{"rendered":"<p>As inscri\u00e7\u00f5es para o processo seletivo do IBGE com sal\u00e1rio de at\u00e9 R$ 4.200&nbsp;terminam nesta ter\u00e7a-feira (23).&nbsp;Das 400 vagas tempor\u00e1rias para trabalhar no Censo Demogr\u00e1fico,&hellip; <\/p>\n","protected":false},"author":1,"featured_media":105892,"comment_status":"closed","ping_status":"closed","sticky":false,"template":"","format":"standard","meta":{"sfsi_plus_gutenberg_text_before_share":"","sfsi_plus_gutenberg_show_text_before_share":"","sfsi_plus_gutenberg_icon_type":"","sfsi_plus_gutenberg_icon_alignemt":"","sfsi_plus_gutenburg_max_per_row":"","footnotes":""},"categories":[2],"tags":[],"class_list":["post-105891","post","type-post","status-publish","format-standard","has-post-thumbnail","hentry","category-geral"],"_links":{"self":[{"href":"https:\/\/www.caririemacao.com\/1\/wp-json\/wp\/v2\/posts\/105891","targetHints":{"allow":["GET"]}}],"collection":[{"href":"https:\/\/www.caririemacao.com\/1\/wp-json\/wp\/v2\/posts"}],"about":[{"href":"https:\/\/www.caririemacao.com\/1\/wp-json\/wp\/v2\/types\/post"}],"author":[{"embeddable":true,"href":"https:\/\/www.caririemacao.com\/1\/wp-json\/wp\/v2\/users\/1"}],"replies":[{"embeddable":true,"href":"https:\/\/www.caririemacao.com\/1\/wp-json\/wp\/v2\/comments?post=105891"}],"version-history":[{"count":1,"href":"https:\/\/www.caririemacao.com\/1\/wp-json\/wp\/v2\/posts\/105891\/revisions"}],"predecessor-version":[{"id":105893,"href":"https:\/\/www.caririemacao.com\/1\/wp-json\/wp\/v2\/posts\/105891\/revisions\/105893"}],"wp:featuredmedia":[{"embeddable":true,"href":"https:\/\/www.caririemacao.com\/1\/wp-json\/wp\/v2\/media\/105892"}],"wp:attachment":[{"href":"https:\/\/www.caririemacao.com\/1\/wp-json\/wp\/v2\/media?parent=105891"}],"wp:term":[{"taxonomy":"category","embeddable":true,"href":"https:\/\/www.caririemacao.com\/1\/wp-json\/wp\/v2\/categories?post=105891"},{"taxonomy":"post_tag","embeddable":true,"href":"https:\/\/www.caririemacao.com\/1\/wp-json\/wp\/v2\/tags?post=105891"}],"curies":[{"name":"wp","href":"https:\/\/api.w.org\/{rel}","templated":true}]}}